{"id":68389,"date":"2023-06-17T14:17:22","date_gmt":"2023-06-17T11:17:22","guid":{"rendered":"https:\/\/chisinaucentru.md\/?p=68389"},"modified":"2023-06-19T14:21:17","modified_gmt":"2023-06-19T11:21:17","slug":"medicii-si-farmacistii-isi-serbeaza-anual-in-a-treia-duminica-a-lunii-iunie-ziua-profesionala","status":"publish","type":"post","link":"https:\/\/chisinaucentru.md\/en\/medicii-si-farmacistii-isi-serbeaza-anual-in-a-treia-duminica-a-lunii-iunie-ziua-profesionala\/","title":{"rendered":"Medicii \u0219i farmaci\u0219tii \u00ee\u0219i serbeaz\u0103 anual, \u00een a treia duminic\u0103 a lunii iunie, Ziua profesional\u0103"},"content":{"rendered":"<div class=\"vc_row wpb_row vc_row-fluid dt-default\" style=\"margin-top: 0px;margin-bottom: 0px\"><div class=\"wpb_column vc_column_container vc_col-sm-12\"><div class=\"vc_column-inner\"><div class=\"wpb_wrapper\">\n\t<div class=\"wpb_text_column wpb_content_element\" >\n\t\t<div class=\"wpb_wrapper\">\n\t\t\t<p class=\"western\" lang=\"en-US\" align=\"justify\"><span style=\"color: #050505;\"><span style=\"font-family: Times New Roman, serif;\"><span style=\"font-size: large;\">De ziua lor, Pretura sectorului Centru a organizat un frumos eveniment prin care s-a celebrat performan\u021ba \u0219i profesionalismul lucr\u0103torilor medicali de la Asocia\u021bia Medical\u0103 Teritorial\u0103 Centru.<\/span><\/span><\/span><\/p>\n<p class=\"western\" lang=\"en-US\" align=\"justify\"><span style=\"color: #050505;\"><span style=\"font-family: Times New Roman, serif;\"><span style=\"font-size: large;\">Un spectacol muzical folcloric de excep\u021bie prezentat de arti\u0219tii centrului de crea\u021bie Satul Moldovenesc \u201eBuciumul\u201d, a delectat \u0219i \u00eenc\u00e2ntat doctorii, care au c\u0103l\u0103torit \u00een timp \u0219i au rev\u0103zut tradi\u021biile str\u0103bunilor.<\/span><\/span><\/span><\/p>\n<p class=\"western\" lang=\"en-US\" align=\"justify\"><span style=\"color: #050505;\"><span style=\"font-family: Times New Roman, serif;\"><span style=\"font-size: large;\">S\u0103rb\u0103toarea a culminat cu ceremonia de \u00eenm\u00e2nare a diplomelor de recuno\u0219tin\u021b\u0103 lucr\u0103torilor medicali din partea Preturii Centru \u0219i Direc\u021biei Generale Asisten\u021b\u0103 Medical\u0103 \u0219i Social\u0103. <\/span><\/span><\/span><\/p>\n<p class=\"western\" lang=\"en-US\" align=\"justify\"><span style=\"color: #050505;\">\u201c<span style=\"font-family: Times New Roman, serif;\"><span style=\"font-size: large;\">Pentru profesionalism, exigen\u021b\u0103 \u0219i tenacitate. Promotoare a bunelor rela\u021bii, contribu\u021bie la crearea unei institu\u021bii medicale moderne, care acord\u0103 asisten\u021b\u0103 medical\u0103 de calitate, \u0219i care se bucur\u0103 de recuno\u0219tin\u021ba \u0219i respectul pacien\u021bilor\u201d, Pretorul sectorului Centru, Vadim H\u00eencu a felicitat cordial cu diplom\u0103 de onoare directorul AMT Centru, Adela Glavan. Totodat\u0103, adres\u00e2nd mesaje de recuno\u0219tin\u021b\u0103 \u0219i tuturor medicilor, \u201ePentru merite \u00een activitate, experien\u021b\u0103, competen\u021b\u0103 \u0219i contribu\u021bie la ocrotirea s\u0103n\u0103t\u0103\u021bii\u201d.<\/span><\/span><\/span><\/p>\n<p class=\"western\" lang=\"en-US\" align=\"justify\"><span style=\"color: #050505;\"><span style=\"font-family: Times New Roman, serif;\"><span style=\"font-size: large;\">Boris G\u00eelca, \u0219eful Direc\u021biei Generale Asisten\u021b\u0103 Medical\u0103 \u0219i Social\u0103 a acordat lucr\u0103torilor medicali diplome pentru \u201cDedica\u021bie profesional\u0103, asigurarea accesului la servicii de s\u0103n\u0103tate de \u00eenalt\u0103 calitate \u0219i rezultate remarcabile ob\u021binute \u00een domeniul asisten\u021bei medicale\u201d.<\/span><\/span><\/span><\/p>\n<p class=\"western\" lang=\"en-US\" align=\"justify\"><span style=\"color: #050505;\"><span style=\"font-family: Times New Roman, serif;\"><span style=\"font-size: large;\">S\u0103n\u0103tatea nu este doar un obiectiv, este un proces continuu de responsabilitate a autorit\u0103\u021bilor, a lucr\u0103torilor medicali, dar \u0219i a popula\u021biei. V\u0103 mul\u021bumim pentru c\u0103 v\u0103 \u00eendeplini\u021bi con\u0219tiincios munca, dragi medici!<\/span><\/span><\/span><\/p>\n\n\t\t<\/div>\n\t<\/div>\n\n<div class=\"vc_grid-container-wrapper vc_clearfix vc_grid-animation-fadeIn\">\n\t<div class=\"vc_grid-container vc_clearfix wpb_content_element vc_media_grid\" data-initial-loading-animation=\"fadeIn\" data-vc-grid-settings=\"{&quot;page_id&quot;:68389,&quot;style&quot;:&quot;all&quot;,&quot;action&quot;:&quot;vc_get_vc_grid_data&quot;,&quot;shortcode_id&quot;:&quot;1687173480421-5083ce82-586b-2&quot;,&quot;tag&quot;:&quot;vc_media_grid&quot;}\" data-vc-request=\"https:\/\/chisinaucentru.md\/wp-admin\/admin-ajax.php\" data-vc-post-id=\"68389\" data-vc-public-nonce=\"fb1b8afed9\">\n\t\t\n\t<\/div>\n<\/div><\/div><\/div><\/div><\/div>","protected":false},"excerpt":{"rendered":"<p>De ziua lor, Pretura sectorului Centru a organizat un frumos eveniment prin care s-a celebrat performan\u021ba \u0219i profesionalismul lucr\u0103torilor medicali de la Asocia\u021bia Medical\u0103 Teritorial\u0103 Centru. Un spectacol muzical folcloric de excep\u021bie prezentat de arti\u0219tii centrului de crea\u021bie Satul Moldovenesc \u201eBuciumul\u201d, a delectat \u0219i \u00eenc\u00e2ntat doctorii, care au c\u0103l\u0103torit \u00een timp \u0219i au rev\u0103zut tradi\u021biile&hellip;<\/p>","protected":false},"author":1,"featured_media":68391,"comment_status":"open","ping_status":"open","sticky":false,"template":"","format":"standard","meta":[],"categories":[244],"tags":[],"acf":[],"_links":{"self":[{"href":"https:\/\/chisinaucentru.md\/en\/wp-json\/wp\/v2\/posts\/68389"}],"collection":[{"href":"https:\/\/chisinaucentru.md\/en\/wp-json\/wp\/v2\/posts"}],"about":[{"href":"https:\/\/chisinaucentru.md\/en\/wp-json\/wp\/v2\/types\/post"}],"author":[{"embeddable":true,"href":"https:\/\/chisinaucentru.md\/en\/wp-json\/wp\/v2\/users\/1"}],"replies":[{"embeddable":true,"href":"https:\/\/chisinaucentru.md\/en\/wp-json\/wp\/v2\/comments?post=68389"}],"version-history":[{"count":3,"href":"https:\/\/chisinaucentru.md\/en\/wp-json\/wp\/v2\/posts\/68389\/revisions"}],"predecessor-version":[{"id":68413,"href":"https:\/\/chisinaucentru.md\/en\/wp-json\/wp\/v2\/posts\/68389\/revisions\/68413"}],"wp:featuredmedia":[{"embeddable":true,"href":"https:\/\/chisinaucentru.md\/en\/wp-json\/wp\/v2\/media\/68391"}],"wp:attachment":[{"href":"https:\/\/chisinaucentru.md\/en\/wp-json\/wp\/v2\/media?parent=68389"}],"wp:term":[{"taxonomy":"category","embeddable":true,"href":"https:\/\/chisinaucentru.md\/en\/wp-json\/wp\/v2\/categories?post=68389"},{"taxonomy":"post_tag","embeddable":true,"href":"https:\/\/chisinaucentru.md\/en\/wp-json\/wp\/v2\/tags?post=68389"}],"curies":[{"name":"wp","href":"https:\/\/api.w.org\/{rel}","templated":true}]}}