{"id":68233,"date":"2023-06-16T12:30:54","date_gmt":"2023-06-16T09:30:54","guid":{"rendered":"https:\/\/chisinaucentru.md\/?p=68233"},"modified":"2023-06-19T14:04:31","modified_gmt":"2023-06-19T11:04:31","slug":"ziua-mondiala-a-mediului-marcata-anual-la-inceputul-lunii-iunie-a-fost-sarbatorita-la-nivel-de-sector-astazi","status":"publish","type":"post","link":"https:\/\/chisinaucentru.md\/en\/ziua-mondiala-a-mediului-marcata-anual-la-inceputul-lunii-iunie-a-fost-sarbatorita-la-nivel-de-sector-astazi\/","title":{"rendered":"Ziua mondial\u0103 a Mediului, marcat\u0103 anual la \u00eenceputul lunii iunie, a fost s\u0103rb\u0103torit\u0103 la nivel de sector ast\u0103zi"},"content":{"rendered":"<div class=\"vc_row wpb_row vc_row-fluid dt-default\" style=\"margin-top: 0px;margin-bottom: 0px\"><div class=\"wpb_column vc_column_container vc_col-sm-12\"><div class=\"vc_column-inner\"><div class=\"wpb_wrapper\">\n\t<div class=\"wpb_text_column wpb_content_element\" >\n\t\t<div class=\"wpb_wrapper\">\n\t\t\t<p class=\"western\" lang=\"en-US\" align=\"justify\"><span style=\"color: #050505;\"><span style=\"font-family: Times New Roman, serif;\"><span style=\"font-size: large;\">Din dorin\u021ba de a continua activit\u0103\u021bile frumoase dedicate naturii \u0219i mediului \u00eenconjur\u0103tor, Pretura sectorului Centru de comun cu <\/span><\/span><\/span><span style=\"color: #050505;\"><span style=\"font-family: Times New Roman, serif;\"><span style=\"font-size: large;\"><span lang=\"ro-RO\">Direc\u021bia Educa\u021bie, Tineret <\/span><\/span><\/span><\/span><span style=\"color: #050505;\"><span style=\"font-family: Times New Roman, serif;\"><span style=\"font-size: large;\">\u0219i<\/span><\/span><\/span><span style=\"color: #050505;\"><span style=\"font-family: Times New Roman, serif;\"><span style=\"font-size: large;\"><span lang=\"ro-RO\"> Sport <\/span><\/span><\/span><\/span><span style=\"color: #050505;\"><span style=\"font-family: Times New Roman, serif;\"><span style=\"font-size: large;\">a avut ini\u021biativa organiz\u0103rii unui eveniment remarcabil cu participarea institu\u021biilor pre\u0219colare din sector.<\/span><\/span><\/span><\/p>\n<p class=\"western\" lang=\"en-US\" align=\"justify\"><span style=\"color: #050505;\"><span style=\"font-family: Times New Roman, serif;\"><span style=\"font-size: large;\">Pretorul sectorului Centru, Vadim H\u00eencu, prezent la s\u0103rb\u0103toare a remarcat importan\u021ba con\u0219tientiz\u0103rii factorilor de protec\u021bie a mediului de la o v\u00e2rst\u0103 fraged\u0103, totodat\u0103 apreciind contribu\u021bia cadrelor didactice \u0219i a p\u0103rin\u021bilor \u00een procesul de educare ecologic\u0103 timpurie a copiilor. Pentru participare activ\u0103 la manifest\u0103rile dedicate Zilei Mediului directorii de gr\u0103dini\u021be s-au ales cu diplome de onoare din partea Pretorului.<\/span><\/span><\/span><\/p>\n<p class=\"western\" lang=\"en-US\" align=\"justify\"><span style=\"color: #050505;\"><span style=\"font-family: Times New Roman, serif;\"><span style=\"font-size: large;\">\u0218efa DETS Centru, Natalia Str<\/span><\/span><\/span><span style=\"color: #050505;\"><span style=\"font-family: Times New Roman, serif;\"><span style=\"font-size: large;\"><span lang=\"ro-RO\">\u0103jesco, <\/span><\/span><\/span><\/span><span style=\"color: #050505;\"><span style=\"font-family: Times New Roman, serif;\"><span style=\"font-size: large;\">a men\u021bionat faptul c\u0103 ast\u0103zi, toate gr\u0103dini\u021bele au ie\u0219it \u00een parcurile \u0219i scuarurile din sectorul Centru pentru a s\u0103rb\u0103tori ziua mediului.<\/span><\/span><\/span><\/p>\n<p class=\"western\" lang=\"en-US\" align=\"justify\"><span style=\"color: #050505;\"><span style=\"font-family: Times New Roman, serif;\"><span style=\"font-size: large;\">\u00cen mijlocul aten\u021biei a fost ast\u0103zi tema de acas\u0103 pe care au avut-o copila\u0219ii, \u0219i anume confec\u021bionarea c\u0103su\u021belor pentru p\u0103s\u0103ri. Lucr\u0103rile impresionante ale micu\u021bilor, me\u0219terite cu dib\u0103cie de c\u0103tre ei \u00eempreun\u0103 cu educatorii \u0219i p\u0103rin\u021bii au fost instalate chiar de Pretor \u00een copacii din scuarul Mihai Dolgan. Un gest care semnific\u0103 un binevenit \u00eendemn de a ac\u021biona unitar pentru protejarea ecosistemelor naturale, astfel \u00eenc\u00e2t acestea s\u0103 fie transmise nealterate genera\u021biilor viitoare.<\/span><\/span><\/span><\/p>\n<p class=\"western\" lang=\"en-US\" align=\"justify\"><span style=\"color: #050505;\"><span style=\"font-family: Times New Roman, serif;\"><span style=\"font-size: large;\">Programul a continuat cu presta\u021biile artistice ale copiilor exprimate prin c\u00e2ntece, dansuri, poezii, expozi\u021bie de postere la tema protec\u021biei mediului. Cu melodii alese a \u00eenc\u00e2ntat pe to\u021bi cei prezen\u021bi \u0219i interpretul Vlad Codreanu. \u00cen toiul s\u0103rb\u0103torii copiii au primit cu entuziasm binemeritatele surprize, \u00eenghe\u021bat\u0103 \u0219i baloane colorate.<\/span><\/span><\/span><\/p>\n<p class=\"western\" lang=\"en-US\" align=\"justify\"><span style=\"color: #050505;\"><span style=\"font-family: Times New Roman, serif;\"><span style=\"font-size: large;\">Ne dorim ca prin aceste ac\u021biuni s\u0103 cre\u0219tem interac\u021biunea cu localnicii din sectorul Centru \u0219i s\u0103 promov\u0103m \u00een r\u00e2ndul acestora o atitudine responsabil\u0103 \u00een ceea ce prive\u0219te mediul \u00eenconjur\u0103tor.<\/span><\/span><\/span><\/p>\n\n\t\t<\/div>\n\t<\/div>\n\n<div class=\"vc_grid-container-wrapper vc_clearfix vc_grid-animation-fadeIn\">\n\t<div class=\"vc_grid-container vc_clearfix wpb_content_element vc_media_grid\" data-initial-loading-animation=\"fadeIn\" data-vc-grid-settings=\"{&quot;page_id&quot;:68233,&quot;style&quot;:&quot;all&quot;,&quot;action&quot;:&quot;vc_get_vc_grid_data&quot;,&quot;shortcode_id&quot;:&quot;1687170871826-2c78e8cc-a633-5&quot;,&quot;tag&quot;:&quot;vc_media_grid&quot;}\" data-vc-request=\"https:\/\/chisinaucentru.md\/wp-admin\/admin-ajax.php\" data-vc-post-id=\"68233\" data-vc-public-nonce=\"fb1b8afed9\">\n\t\t\n\t<\/div>\n<\/div><\/div><\/div><\/div><\/div>","protected":false},"excerpt":{"rendered":"<p>Din dorin\u021ba de a continua activit\u0103\u021bile frumoase dedicate naturii \u0219i mediului \u00eenconjur\u0103tor, Pretura sectorului Centru de comun cu Direc\u021bia Educa\u021bie, Tineret \u0219i Sport a avut ini\u021biativa organiz\u0103rii unui eveniment remarcabil cu participarea institu\u021biilor pre\u0219colare din sector. Pretorul sectorului Centru, Vadim H\u00eencu, prezent la s\u0103rb\u0103toare a remarcat importan\u021ba con\u0219tientiz\u0103rii factorilor de protec\u021bie a mediului de la&hellip;<\/p>","protected":false},"author":1,"featured_media":68235,"comment_status":"open","ping_status":"open","sticky":false,"template":"","format":"standard","meta":[],"categories":[244],"tags":[],"acf":[],"_links":{"self":[{"href":"https:\/\/chisinaucentru.md\/en\/wp-json\/wp\/v2\/posts\/68233"}],"collection":[{"href":"https:\/\/chisinaucentru.md\/en\/wp-json\/wp\/v2\/posts"}],"about":[{"href":"https:\/\/chisinaucentru.md\/en\/wp-json\/wp\/v2\/types\/post"}],"author":[{"embeddable":true,"href":"https:\/\/chisinaucentru.md\/en\/wp-json\/wp\/v2\/users\/1"}],"replies":[{"embeddable":true,"href":"https:\/\/chisinaucentru.md\/en\/wp-json\/wp\/v2\/comments?post=68233"}],"version-history":[{"count":3,"href":"https:\/\/chisinaucentru.md\/en\/wp-json\/wp\/v2\/posts\/68233\/revisions"}],"predecessor-version":[{"id":68300,"href":"https:\/\/chisinaucentru.md\/en\/wp-json\/wp\/v2\/posts\/68233\/revisions\/68300"}],"wp:featuredmedia":[{"embeddable":true,"href":"https:\/\/chisinaucentru.md\/en\/wp-json\/wp\/v2\/media\/68235"}],"wp:attachment":[{"href":"https:\/\/chisinaucentru.md\/en\/wp-json\/wp\/v2\/media?parent=68233"}],"wp:term":[{"taxonomy":"category","embeddable":true,"href":"https:\/\/chisinaucentru.md\/en\/wp-json\/wp\/v2\/categories?post=68233"},{"taxonomy":"post_tag","embeddable":true,"href":"https:\/\/chisinaucentru.md\/en\/wp-json\/wp\/v2\/tags?post=68233"}],"curies":[{"name":"wp","href":"https:\/\/api.w.org\/{rel}","templated":true}]}}