{"id":68094,"date":"2023-06-14T09:11:11","date_gmt":"2023-06-14T06:11:11","guid":{"rendered":"https:\/\/chisinaucentru.md\/?p=68094"},"modified":"2023-06-16T09:12:27","modified_gmt":"2023-06-16T06:12:27","slug":"suspendare-trafic-rutier-3","status":"publish","type":"post","link":"https:\/\/chisinaucentru.md\/en\/suspendare-trafic-rutier-3\/","title":{"rendered":"Suspendare trafic rutier"},"content":{"rendered":"<div class=\"vc_row wpb_row vc_row-fluid dt-default\" style=\"margin-top: 0px;margin-bottom: 0px\"><div class=\"wpb_column vc_column_container vc_col-sm-12\"><div class=\"vc_column-inner\"><div class=\"wpb_wrapper\">\n\t<div class=\"wpb_text_column wpb_content_element\" >\n\t\t<div class=\"wpb_wrapper\">\n\t\t\t<p align=\"justify\"><span style=\"color: #050505;\"><span style=\"font-family: Times New Roman, serif;\"><span style=\"font-size: large;\"><span lang=\"en-US\">Strada: Tighina<\/span><\/span><\/span><\/span><\/p>\n<p align=\"justify\"><span style=\"color: #050505;\"><span style=\"font-family: Times New Roman, serif;\"><span style=\"font-size: large;\"><span lang=\"en-US\">Tronson: M. Kog\u0103lniceanu- A. Mateevici<\/span><\/span><\/span><\/span><\/p>\n<p align=\"justify\"><span style=\"color: #050505;\"><span style=\"font-family: Times New Roman, serif;\"><span style=\"font-size: large;\"><span lang=\"en-US\">Perioada: 12 iunie-12 august 2023<\/span><\/span><\/span><\/span><\/p>\n<p align=\"justify\"><span style=\"color: #050505;\"><span style=\"font-family: Times New Roman, serif;\"><span style=\"font-size: large;\"><span lang=\"en-US\">M\u0103surile sunt luate din necesitatea execut\u0103rii lucr\u0103rilor de reabilitare a str\u0103zii Tighina, rug\u0103m participan\u021bii la trafic s\u0103 utilizeze c\u0103i alternative de deplasare.<\/span><\/span><\/span><\/span><\/p>\n<p align=\"justify\"><span style=\"color: #050505;\"><span style=\"font-family: Times New Roman, serif;\"><span style=\"font-size: large;\"><span lang=\"en-US\">&#8211; Ruta de autobuz: nr. 9, Tur, va circula de pe bd. \u0218tefan cel Mare \u0219i Sf\u00e2nt, pe str. Ismail, &#8211; str. Pan Halippa, &#8211; str. Ion Incule\u021b, \u0219i \u00een continuare pe traseul stabilit. <\/span><\/span><\/span><\/span><\/p>\n<p align=\"justify\"><span style=\"color: #050505;\"><span style=\"font-family: Times New Roman, serif;\"><span style=\"font-size: large;\"><span lang=\"en-US\">&#8211; Ruta de microbuz: nr. 191, Tur, va circula de pe str. Ismail, pe str. Pan Halippa, &#8211; str. <\/span><\/span><\/span><\/span><span style=\"color: #050505;\"><span style=\"font-family: Times New Roman, serif;\"><span style=\"font-size: large;\">Ion Incule\u021b, \u0219i \u00een continuare pe traseul stabilit.<\/span><\/span><\/span><\/p>\n\n\t\t<\/div>\n\t<\/div>\n\n<div class=\"vc_grid-container-wrapper vc_clearfix vc_grid-animation-fadeIn\">\n\t<div class=\"vc_grid-container vc_clearfix wpb_content_element vc_media_grid\" data-initial-loading-animation=\"fadeIn\" data-vc-grid-settings=\"{&quot;page_id&quot;:68094,&quot;style&quot;:&quot;all&quot;,&quot;action&quot;:&quot;vc_get_vc_grid_data&quot;,&quot;shortcode_id&quot;:&quot;1686895935544-1d5012bf-3e7d-9&quot;,&quot;tag&quot;:&quot;vc_media_grid&quot;}\" data-vc-request=\"https:\/\/chisinaucentru.md\/wp-admin\/admin-ajax.php\" data-vc-post-id=\"68094\" data-vc-public-nonce=\"fb1b8afed9\">\n\t\t\n\t<\/div>\n<\/div><\/div><\/div><\/div><\/div>","protected":false},"excerpt":{"rendered":"<p>Strada: Tighina Tronson: M. Kog\u0103lniceanu- A. Mateevici Perioada: 12 iunie-12 august 2023 M\u0103surile sunt luate din necesitatea execut\u0103rii lucr\u0103rilor de reabilitare a str\u0103zii Tighina, rug\u0103m participan\u021bii la trafic s\u0103 utilizeze c\u0103i alternative de deplasare. &#8211; Ruta de autobuz: nr. 9, Tur, va circula de pe bd. \u0218tefan cel Mare \u0219i Sf\u00e2nt, pe str. Ismail, -&hellip;<\/p>","protected":false},"author":1,"featured_media":68096,"comment_status":"open","ping_status":"open","sticky":false,"template":"","format":"standard","meta":[],"categories":[244],"tags":[],"acf":[],"_links":{"self":[{"href":"https:\/\/chisinaucentru.md\/en\/wp-json\/wp\/v2\/posts\/68094"}],"collection":[{"href":"https:\/\/chisinaucentru.md\/en\/wp-json\/wp\/v2\/posts"}],"about":[{"href":"https:\/\/chisinaucentru.md\/en\/wp-json\/wp\/v2\/types\/post"}],"author":[{"embeddable":true,"href":"https:\/\/chisinaucentru.md\/en\/wp-json\/wp\/v2\/users\/1"}],"replies":[{"embeddable":true,"href":"https:\/\/chisinaucentru.md\/en\/wp-json\/wp\/v2\/comments?post=68094"}],"version-history":[{"count":2,"href":"https:\/\/chisinaucentru.md\/en\/wp-json\/wp\/v2\/posts\/68094\/revisions"}],"predecessor-version":[{"id":68097,"href":"https:\/\/chisinaucentru.md\/en\/wp-json\/wp\/v2\/posts\/68094\/revisions\/68097"}],"wp:featuredmedia":[{"embeddable":true,"href":"https:\/\/chisinaucentru.md\/en\/wp-json\/wp\/v2\/media\/68096"}],"wp:attachment":[{"href":"https:\/\/chisinaucentru.md\/en\/wp-json\/wp\/v2\/media?parent=68094"}],"wp:term":[{"taxonomy":"category","embeddable":true,"href":"https:\/\/chisinaucentru.md\/en\/wp-json\/wp\/v2\/categories?post=68094"},{"taxonomy":"post_tag","embeddable":true,"href":"https:\/\/chisinaucentru.md\/en\/wp-json\/wp\/v2\/tags?post=68094"}],"curies":[{"name":"wp","href":"https:\/\/api.w.org\/{rel}","templated":true}]}}