{"id":67350,"date":"2023-05-14T13:04:52","date_gmt":"2023-05-14T10:04:52","guid":{"rendered":"https:\/\/chisinaucentru.md\/?p=67350"},"modified":"2023-05-28T13:07:17","modified_gmt":"2023-05-28T10:07:17","slug":"festivalului-concurs-cantam-copilarila-in-limbile-europei","status":"publish","type":"post","link":"https:\/\/chisinaucentru.md\/en\/festivalului-concurs-cantam-copilarila-in-limbile-europei\/","title":{"rendered":"Festivalului \u2013 concurs \u201cC\u00e2nt\u0103m copil\u0103rila \u00een limbile Europei\u201d"},"content":{"rendered":"<div class=\"vc_row wpb_row vc_row-fluid dt-default\" style=\"margin-top: 0px;margin-bottom: 0px\"><div class=\"wpb_column vc_column_container vc_col-sm-12\"><div class=\"vc_column-inner\"><div class=\"wpb_wrapper\">\n\t<div class=\"wpb_text_column wpb_content_element\" >\n\t\t<div class=\"wpb_wrapper\">\n\t\t\t<p>La 14 mai curent, \u00een Scuarul Mihai Dolgan a fost organizat \u0219i desf\u0103\u0219urat evenimentul de decernare a premiilor pentru concuren\u021bii Festivalului \u2013 concurs \u201cC\u00e2nt\u0103m copil\u0103rila \u00een limbile Europei\u201d organizat de Pretura sectorului Centru \u00een colaborare cu Casa de Crea\u0163ie a Copiilor \u201cFloarea Soarelui\u201d.<\/p>\n<p>Cu acest prilej, Pretorul sectorului Centru, Vadim H\u00eencu, a venit cu un mesaj de felicitare: \u201eSuntem m\u00e2ndri de faptul c\u0103 \u00een sectorul Centru exist\u0103 o asemenea institu\u0163ie cultural\u0103 ca Casa de Crea\u0163ie a Copiilor \u201cFloarea Soarelui\u201d, care, de-a lungul anilor, datorit\u0103 \u00eenaltului profesionalism \u015fi m\u0103iestriei artistice, sunte\u021bi laureat al mai multor concursuri na\u0163ionale \u015fi interna\u0163ionale \u00een domeniul artelor. Mereu tineri \u015fi creativi, ne bucura\u0163i prin talent \u015fi energie. Iar atunci c\u00e2nd intra\u021bi \u00een scen\u0103, fie cu un c\u00e2ntec de inim\u0103, fie cu un dans de foc, ne d\u0103rui\u021bi adev\u0103rate clipe de s\u0103rb\u0103toare a sufletului. \u00cemi exprim toat\u0103 recuno\u015ftin\u0163a pedagogilor Casei de crea\u021bie care, cu mult\u0103 d\u0103ruire \u015fi har artistic, au educat, educ\u0103 \u0219i, sper\u0103m, vor mai educa multe genera\u0163ii de copii, promov\u00e2nd tinerele vl\u0103stare cu voca\u0163ie \u015fi aptitudini spre a-\u015fi lua zborul \u00een lumea Frumosului.\u201e<\/p>\n<p>Premian\u021bii Festivalului Concurs \u201cC\u00e2nt\u0103m copil\u0103rila \u00een limbile Europei\u201d au fost men\u0163iona\u0163i cu diplome de gradul respectiv, trofee \u015fi premii de c\u0103tre conducerea Preturii sectorului Centru, Vadim H\u00eencu, \u0219i Casei de Crea\u0163ie a Copiilor \u201cFloarea Soarelui\u201d, Alina Ureche-Iordachi.<\/p>\n\n\t\t<\/div>\n\t<\/div>\n<\/div><\/div><\/div><\/div><div class=\"vc_row wpb_row vc_row-fluid dt-default\" style=\"margin-top: 0px;margin-bottom: 0px\"><div class=\"wpb_column vc_column_container vc_col-sm-12\"><div class=\"vc_column-inner\"><div class=\"wpb_wrapper\">\n<div class=\"vc_grid-container-wrapper vc_clearfix vc_grid-animation-fadeIn\">\n\t<div class=\"vc_grid-container vc_clearfix wpb_content_element vc_media_grid\" data-initial-loading-animation=\"fadeIn\" data-vc-grid-settings=\"{&quot;page_id&quot;:67350,&quot;style&quot;:&quot;all&quot;,&quot;action&quot;:&quot;vc_get_vc_grid_data&quot;,&quot;shortcode_id&quot;:&quot;1685268194799-e42ca7d4-7804-6&quot;,&quot;tag&quot;:&quot;vc_media_grid&quot;}\" data-vc-request=\"https:\/\/chisinaucentru.md\/wp-admin\/admin-ajax.php\" data-vc-post-id=\"67350\" data-vc-public-nonce=\"39ce34e9ee\">\n\t\t\n\t<\/div>\n<\/div><\/div><\/div><\/div><\/div>","protected":false},"excerpt":{"rendered":"<p>La 14 mai curent, \u00een Scuarul Mihai Dolgan a fost organizat \u0219i desf\u0103\u0219urat evenimentul de decernare a premiilor pentru concuren\u021bii Festivalului \u2013 concurs \u201cC\u00e2nt\u0103m copil\u0103rila \u00een limbile Europei\u201d organizat de Pretura sectorului Centru \u00een colaborare cu Casa de Crea\u0163ie a Copiilor \u201cFloarea Soarelui\u201d. Cu acest prilej, Pretorul sectorului Centru, Vadim H\u00eencu, a venit cu un&hellip;<\/p>","protected":false},"author":3,"featured_media":67354,"comment_status":"open","ping_status":"open","sticky":false,"template":"","format":"standard","meta":[],"categories":[244],"tags":[],"acf":[],"_links":{"self":[{"href":"https:\/\/chisinaucentru.md\/en\/wp-json\/wp\/v2\/posts\/67350"}],"collection":[{"href":"https:\/\/chisinaucentru.md\/en\/wp-json\/wp\/v2\/posts"}],"about":[{"href":"https:\/\/chisinaucentru.md\/en\/wp-json\/wp\/v2\/types\/post"}],"author":[{"embeddable":true,"href":"https:\/\/chisinaucentru.md\/en\/wp-json\/wp\/v2\/users\/3"}],"replies":[{"embeddable":true,"href":"https:\/\/chisinaucentru.md\/en\/wp-json\/wp\/v2\/comments?post=67350"}],"version-history":[{"count":1,"href":"https:\/\/chisinaucentru.md\/en\/wp-json\/wp\/v2\/posts\/67350\/revisions"}],"predecessor-version":[{"id":67378,"href":"https:\/\/chisinaucentru.md\/en\/wp-json\/wp\/v2\/posts\/67350\/revisions\/67378"}],"wp:featuredmedia":[{"embeddable":true,"href":"https:\/\/chisinaucentru.md\/en\/wp-json\/wp\/v2\/media\/67354"}],"wp:attachment":[{"href":"https:\/\/chisinaucentru.md\/en\/wp-json\/wp\/v2\/media?parent=67350"}],"wp:term":[{"taxonomy":"category","embeddable":true,"href":"https:\/\/chisinaucentru.md\/en\/wp-json\/wp\/v2\/categories?post=67350"},{"taxonomy":"post_tag","embeddable":true,"href":"https:\/\/chisinaucentru.md\/en\/wp-json\/wp\/v2\/tags?post=67350"}],"curies":[{"name":"wp","href":"https:\/\/api.w.org\/{rel}","templated":true}]}}