{"id":66953,"date":"2023-04-28T18:41:28","date_gmt":"2023-04-28T15:41:28","guid":{"rendered":"https:\/\/chisinaucentru.md\/?p=66953"},"modified":"2023-05-11T18:43:21","modified_gmt":"2023-05-11T15:43:21","slug":"felicitare-cu-prilejul-zilei-lucratorului-din-gospodaria-de-locuinte-si-deservirea-comunala","status":"publish","type":"post","link":"https:\/\/chisinaucentru.md\/en\/felicitare-cu-prilejul-zilei-lucratorului-din-gospodaria-de-locuinte-si-deservirea-comunala\/","title":{"rendered":"Felicitare cu prilejul Zilei Lucr\u0103torului din Gospod\u0103ria de Locuin\u021be \u0219i Deservirea Comunal\u0103"},"content":{"rendered":"<div class=\"vc_row wpb_row vc_row-fluid dt-default\" style=\"margin-top: 0px;margin-bottom: 0px\"><div class=\"wpb_column vc_column_container vc_col-sm-12\"><div class=\"vc_column-inner\"><div class=\"wpb_wrapper\">\n\t<div class=\"wpb_text_column wpb_content_element\" >\n\t\t<div class=\"wpb_wrapper\">\n\t\t\t<p>Pretura sectorului Centru V\u0103 aduce sincere <strong>felicit\u0103ri <\/strong>cu prilejul \u2124\ud835\udd5a\ud835\udd5d\ud835\udd56\ud835\udd5a \ud835\udd43\ud835\udd66\ud835\udd54\ud835\udd63\u0103\ud835\udd65\ud835\udd60\ud835\udd63\ud835\udd66\ud835\udd5d\ud835\udd66\ud835\udd5a \ud835\udd55\ud835\udd5a\ud835\udd5f \ud835\udd3e\ud835\udd60\ud835\udd64\ud835\udd61\ud835\udd60\ud835\udd55\u0103\ud835\udd63\ud835\udd5a\ud835\udd52 \ud835\udd55\ud835\udd56 \ud835\udd43\ud835\udd60\ud835\udd54\ud835\udd66\ud835\udd5a\ud835\udd5f\u0163\ud835\udd56 \u015f\ud835\udd5a \ud835\udd3b\ud835\udd56\ud835\udd64\ud835\udd56\ud835\udd63\ud835\udd67\ud835\udd5a\ud835\udd63\ud835\udd56\ud835\udd52 \u2102\ud835\udd60\ud835\udd5e\ud835\udd66\ud835\udd5f\ud835\udd52\ud835\udd5d\u0103.<\/p>\n<p>\u00cen acordurile unei prim\u0103veri promi\u0163\u0103toare, V\u0103 aducem \u00een dar florile recuno\u015ftin\u0163ei \u015fi \u00eentreaga admira\u0163ie pentru munca neobosit\u0103 \u015fi at\u00eet de necesar\u0103, pe care o depune\u0163i cu mult suflet, zi de zi, \u00eentru bun\u0103starea sectorului Centru al municipiului Chi\u015fin\u0103u.<\/p>\n<p>Cu ocazia Zilei profesionale, V\u0103 dorim s\u0103n\u0103tate, bucurii \u015fi noi realiz\u0103ri \u00eentru prosperarea sectorului \u015fi municipiului.<\/p>\n\n\t\t<\/div>\n\t<\/div>\n<\/div><\/div><\/div><\/div><div class=\"vc_row wpb_row vc_row-fluid dt-default\" style=\"margin-top: 0px;margin-bottom: 0px\"><div class=\"wpb_column vc_column_container vc_col-sm-12\"><div class=\"vc_column-inner\"><div class=\"wpb_wrapper\">\n<div class=\"vc_grid-container-wrapper vc_clearfix vc_grid-animation-fadeIn\">\n\t<div class=\"vc_grid-container vc_clearfix wpb_content_element vc_media_grid\" data-initial-loading-animation=\"fadeIn\" data-vc-grid-settings=\"{&quot;page_id&quot;:66953,&quot;style&quot;:&quot;all&quot;,&quot;action&quot;:&quot;vc_get_vc_grid_data&quot;,&quot;shortcode_id&quot;:&quot;1683819642003-2235e723-bb80-1&quot;,&quot;tag&quot;:&quot;vc_media_grid&quot;}\" data-vc-request=\"https:\/\/chisinaucentru.md\/wp-admin\/admin-ajax.php\" data-vc-post-id=\"66953\" data-vc-public-nonce=\"c0809cca66\">\n\t\t\n\t<\/div>\n<\/div><\/div><\/div><\/div><\/div>","protected":false},"excerpt":{"rendered":"<p>Pretura sectorului Centru V\u0103 aduce sincere felicit\u0103ri cu prilejul \u2124\ud835\udd5a\ud835\udd5d\ud835\udd56\ud835\udd5a \ud835\udd43\ud835\udd66\ud835\udd54\ud835\udd63\u0103\ud835\udd65\ud835\udd60\ud835\udd63\ud835\udd66\ud835\udd5d\ud835\udd66\ud835\udd5a \ud835\udd55\ud835\udd5a\ud835\udd5f \ud835\udd3e\ud835\udd60\ud835\udd64\ud835\udd61\ud835\udd60\ud835\udd55\u0103\ud835\udd63\ud835\udd5a\ud835\udd52 \ud835\udd55\ud835\udd56 \ud835\udd43\ud835\udd60\ud835\udd54\ud835\udd66\ud835\udd5a\ud835\udd5f\u0163\ud835\udd56 \u015f\ud835\udd5a \ud835\udd3b\ud835\udd56\ud835\udd64\ud835\udd56\ud835\udd63\ud835\udd67\ud835\udd5a\ud835\udd63\ud835\udd56\ud835\udd52 \u2102\ud835\udd60\ud835\udd5e\ud835\udd66\ud835\udd5f\ud835\udd52\ud835\udd5d\u0103. \u00cen acordurile unei prim\u0103veri promi\u0163\u0103toare, V\u0103 aducem \u00een dar florile recuno\u015ftin\u0163ei \u015fi \u00eentreaga admira\u0163ie pentru munca neobosit\u0103 \u015fi at\u00eet de necesar\u0103, pe care o depune\u0163i cu mult suflet, zi de zi, \u00eentru bun\u0103starea sectorului Centru al municipiului&hellip;<\/p>","protected":false},"author":3,"featured_media":66954,"comment_status":"open","ping_status":"open","sticky":false,"template":"","format":"standard","meta":[],"categories":[244],"tags":[],"acf":[],"_links":{"self":[{"href":"https:\/\/chisinaucentru.md\/en\/wp-json\/wp\/v2\/posts\/66953"}],"collection":[{"href":"https:\/\/chisinaucentru.md\/en\/wp-json\/wp\/v2\/posts"}],"about":[{"href":"https:\/\/chisinaucentru.md\/en\/wp-json\/wp\/v2\/types\/post"}],"author":[{"embeddable":true,"href":"https:\/\/chisinaucentru.md\/en\/wp-json\/wp\/v2\/users\/3"}],"replies":[{"embeddable":true,"href":"https:\/\/chisinaucentru.md\/en\/wp-json\/wp\/v2\/comments?post=66953"}],"version-history":[{"count":1,"href":"https:\/\/chisinaucentru.md\/en\/wp-json\/wp\/v2\/posts\/66953\/revisions"}],"predecessor-version":[{"id":66955,"href":"https:\/\/chisinaucentru.md\/en\/wp-json\/wp\/v2\/posts\/66953\/revisions\/66955"}],"wp:featuredmedia":[{"embeddable":true,"href":"https:\/\/chisinaucentru.md\/en\/wp-json\/wp\/v2\/media\/66954"}],"wp:attachment":[{"href":"https:\/\/chisinaucentru.md\/en\/wp-json\/wp\/v2\/media?parent=66953"}],"wp:term":[{"taxonomy":"category","embeddable":true,"href":"https:\/\/chisinaucentru.md\/en\/wp-json\/wp\/v2\/categories?post=66953"},{"taxonomy":"post_tag","embeddable":true,"href":"https:\/\/chisinaucentru.md\/en\/wp-json\/wp\/v2\/tags?post=66953"}],"curies":[{"name":"wp","href":"https:\/\/api.w.org\/{rel}","templated":true}]}}