{"id":66900,"date":"2023-05-05T10:24:10","date_gmt":"2023-05-05T07:24:10","guid":{"rendered":"https:\/\/chisinaucentru.md\/?p=66900"},"modified":"2023-05-10T10:27:47","modified_gmt":"2023-05-10T07:27:47","slug":"pretorul-sectorului-centru-vadim-hincu-alaturi-de-o-delegatie-din-erevan-in-vizita-de-studiu-la-cel-mai-mare-hub-inovational-tekwill","status":"publish","type":"post","link":"https:\/\/chisinaucentru.md\/en\/pretorul-sectorului-centru-vadim-hincu-alaturi-de-o-delegatie-din-erevan-in-vizita-de-studiu-la-cel-mai-mare-hub-inovational-tekwill\/","title":{"rendered":"Pretorul sectorului Centru, Vadim H\u00eencu, al\u0103turi de o delega\u021bie din Erevan, \u00een vizit\u0103 de studiu la cel mai mare hub inova\u021bional Tekwill"},"content":{"rendered":"<div class=\"vc_row wpb_row vc_row-fluid dt-default\" style=\"margin-top: 0px;margin-bottom: 0px\"><div class=\"wpb_column vc_column_container vc_col-sm-12\"><div class=\"vc_column-inner\"><div class=\"wpb_wrapper\">\n\t<div class=\"wpb_text_column wpb_content_element\" >\n\t\t<div class=\"wpb_wrapper\">\n\t\t\t<p class=\"western\" lang=\"en-US\" align=\"justify\"><span style=\"color: #050505;\"><span style=\"font-family: Times New Roman, serif;\"><span style=\"font-size: large;\"><span lang=\"ro-RO\">O delega\u021bia din Erevan, Armenia, \u00eenso\u021bit\u0103 de c\u0103tre Pretorul sectorului Centru, Vadim H\u00eencu pe \u00eentreaga perioad\u0103 a Forumului Social Urban, organizat la 4-6 mai de Prim\u0103ria municipiului Chi\u0219in\u0103u, a efectuat ast\u0103zi o vizit\u0103 de studiu la cel mai mare spa\u021biu de inova\u021bii tehnologice din Moldova, TEKWILL.<\/span><\/span><\/span><\/span><\/p>\n<p class=\"western\" lang=\"en-US\" align=\"justify\"><span style=\"color: #050505;\"><span style=\"font-family: Times New Roman, serif;\"><span style=\"font-size: large;\"><span lang=\"ro-RO\">Stephen Bridges \u0219i Chris Shahinian, manageri ai Centrului pentru Tehnologii Creative TUMO din Armenia au fost \u00een cadrul Forumului speakerii panelului-Ora\u0219 care \u00eenva\u021b\u0103. Odat\u0103 ce au \u00eemp\u0103rt\u0103\u0219it cu noi bunele practici ale domeniului de educa\u021bie IT din \u021bara de origine, s-au ar\u0103tat interesa\u021bi s\u0103 afle despre aplicarea la nivel local a transform\u0103rilor digitale.<\/span><\/span><\/span><\/span><\/p>\n<p class=\"western\" lang=\"en-US\" align=\"justify\"><span style=\"color: #050505;\"><span style=\"font-family: Times New Roman, serif;\"><span style=\"font-size: large;\"><span lang=\"ro-RO\">\u00cen cadrul turului de prezentare a celui mai mare hub de coworking din \u021bar\u0103 TEKWILL, oaspe\u021bii au luat cuno\u0219tin\u021b\u0103 cu ecosistemul de startup-uri din Chi\u0219in\u0103u, reu\u0219itele \u0219i perspectivele antreprenorilor de afaceri bazate pe inova\u021bii, programe educa\u021bionale pentru preg\u0103tirea for\u021bei de munc\u0103 \u00een IT \u0219i altele. <\/span><\/span><\/span><\/span><\/p>\n<p class=\"western\" lang=\"en-US\" align=\"justify\"><span style=\"color: #050505;\"><span style=\"font-family: Times New Roman, serif;\"><span style=\"font-size: large;\"><span lang=\"ro-RO\">Vizitarea institu\u021biilor sociale din Chi\u0219in\u0103u face parte din agenda Forumului Social Urban ca m\u0103sur\u0103 de abordare complex\u0103 teoretico-practic\u0103 a tematicii.<\/span><\/span><\/span><\/span><\/p>\n\n\t\t<\/div>\n\t<\/div>\n\n<div class=\"vc_grid-container-wrapper vc_clearfix vc_grid-animation-fadeIn\">\n\t<div class=\"vc_grid-container vc_clearfix wpb_content_element vc_media_grid\" data-initial-loading-animation=\"fadeIn\" data-vc-grid-settings=\"{&quot;page_id&quot;:66900,&quot;style&quot;:&quot;all&quot;,&quot;action&quot;:&quot;vc_get_vc_grid_data&quot;,&quot;shortcode_id&quot;:&quot;1683703501970-898b08b9-1a48-7&quot;,&quot;tag&quot;:&quot;vc_media_grid&quot;}\" data-vc-request=\"https:\/\/chisinaucentru.md\/wp-admin\/admin-ajax.php\" data-vc-post-id=\"66900\" data-vc-public-nonce=\"fb1b8afed9\">\n\t\t\n\t<\/div>\n<\/div><\/div><\/div><\/div><\/div>","protected":false},"excerpt":{"rendered":"<p>O delega\u021bia din Erevan, Armenia, \u00eenso\u021bit\u0103 de c\u0103tre Pretorul sectorului Centru, Vadim H\u00eencu pe \u00eentreaga perioad\u0103 a Forumului Social Urban, organizat la 4-6 mai de Prim\u0103ria municipiului Chi\u0219in\u0103u, a efectuat ast\u0103zi o vizit\u0103 de studiu la cel mai mare spa\u021biu de inova\u021bii tehnologice din Moldova, TEKWILL. Stephen Bridges \u0219i Chris Shahinian, manageri ai Centrului pentru&hellip;<\/p>","protected":false},"author":1,"featured_media":66902,"comment_status":"open","ping_status":"open","sticky":false,"template":"","format":"standard","meta":[],"categories":[244],"tags":[],"acf":[],"_links":{"self":[{"href":"https:\/\/chisinaucentru.md\/en\/wp-json\/wp\/v2\/posts\/66900"}],"collection":[{"href":"https:\/\/chisinaucentru.md\/en\/wp-json\/wp\/v2\/posts"}],"about":[{"href":"https:\/\/chisinaucentru.md\/en\/wp-json\/wp\/v2\/types\/post"}],"author":[{"embeddable":true,"href":"https:\/\/chisinaucentru.md\/en\/wp-json\/wp\/v2\/users\/1"}],"replies":[{"embeddable":true,"href":"https:\/\/chisinaucentru.md\/en\/wp-json\/wp\/v2\/comments?post=66900"}],"version-history":[{"count":3,"href":"https:\/\/chisinaucentru.md\/en\/wp-json\/wp\/v2\/posts\/66900\/revisions"}],"predecessor-version":[{"id":66925,"href":"https:\/\/chisinaucentru.md\/en\/wp-json\/wp\/v2\/posts\/66900\/revisions\/66925"}],"wp:featuredmedia":[{"embeddable":true,"href":"https:\/\/chisinaucentru.md\/en\/wp-json\/wp\/v2\/media\/66902"}],"wp:attachment":[{"href":"https:\/\/chisinaucentru.md\/en\/wp-json\/wp\/v2\/media?parent=66900"}],"wp:term":[{"taxonomy":"category","embeddable":true,"href":"https:\/\/chisinaucentru.md\/en\/wp-json\/wp\/v2\/categories?post=66900"},{"taxonomy":"post_tag","embeddable":true,"href":"https:\/\/chisinaucentru.md\/en\/wp-json\/wp\/v2\/tags?post=66900"}],"curies":[{"name":"wp","href":"https:\/\/api.w.org\/{rel}","templated":true}]}}