{"id":66533,"date":"2023-04-14T12:05:18","date_gmt":"2023-04-14T09:05:18","guid":{"rendered":"https:\/\/chisinaucentru.md\/?p=66533"},"modified":"2023-04-18T11:16:21","modified_gmt":"2023-04-18T08:16:21","slug":"beneficiarii-cantinei-sociale-felicitati-cu-prilejul-sarbatorilor-pascale-de-catre-primarul-general-ion-ceban","status":"publish","type":"post","link":"https:\/\/chisinaucentru.md\/en\/beneficiarii-cantinei-sociale-felicitati-cu-prilejul-sarbatorilor-pascale-de-catre-primarul-general-ion-ceban\/","title":{"rendered":"Beneficiarii cantinei sociale felicita\u021bi cu prilejul s\u0103rb\u0103torilor pascale de c\u0103tre Primarul General, Ion CEBAN"},"content":{"rendered":"<div class=\"vc_row wpb_row vc_row-fluid dt-default\" style=\"margin-top: 0px;margin-bottom: 0px\"><div class=\"wpb_column vc_column_container vc_col-sm-12\"><div class=\"vc_column-inner\"><div class=\"wpb_wrapper\">\n\t<div class=\"wpb_text_column wpb_content_element\" >\n\t\t<div class=\"wpb_wrapper\">\n\t\t\t<p align=\"justify\"><span style=\"color: #050505;\"><span style=\"font-family: Times New Roman, serif;\"><span style=\"font-size: large;\"><span lang=\"en-US\">Ast\u0103zi, la cantina social\u0103, am avut o zi special\u0103.<\/span><\/span><\/span><\/span><\/p>\n<p align=\"justify\"><span style=\"color: #050505;\"><span style=\"font-family: Times New Roman, serif;\"><span style=\"font-size: large;\"><span lang=\"en-US\">\u00cen pragul celei mai mari s\u0103rb\u0103tori cre\u0219tine, Pa\u0219tele, 100 de b\u0103tr\u00e2ni cu valori spirituale sacre, purt\u0103tori ai credin\u021bei, la primirea pr\u00e2nzului cald, au adresat sponsorului <\/span><\/span><\/span><\/span><span style=\"color: #050505;\"><span style=\"font-family: Times New Roman, serif;\"><span style=\"font-size: large;\"><span lang=\"ro-RO\">Asocia\u021bia pentru Sus\u021binerea Ini\u021biativelor Comunitare \u0219i Sportului, <\/span><\/span><\/span><\/span><span style=\"color: #050505;\"><span style=\"font-family: Times New Roman, serif;\"><span style=\"font-size: large;\"><span lang=\"en-US\">Pretorului Vadim H\u00eencu, la ini\u021biativa c\u0103ruia se desf\u0103\u0219oar\u0103 campania caritabil\u0103, dar \u0219i angaja\u021bilor Preturii divine ur\u0103ri \u00een ajunul sfintei zile. Cuvintele lor au r\u0103sunat pentru noi ca o binecuv\u00e2ntare. <\/span><\/span><\/span><\/span><\/p>\n<p align=\"justify\"><span style=\"color: #050505;\"><span style=\"font-family: Times New Roman, serif;\"><span style=\"font-size: large;\"><span lang=\"en-US\">Din partea Primarului General, Ion CEBAN, fiecare beneficiar s-a ales cu un card de felicitare cu prilejul s\u0103rb\u0103torilor pascale, pe l\u00e2ng\u0103 cele 2 por\u021bii care li s-a oferit, inclusiv pentru ziua de luni, care este desemnat\u0103 oficial zi liber\u0103.<\/span><\/span><\/span><\/span><\/p>\n<p align=\"justify\"><span style=\"color: #050505;\"><span style=\"font-family: Times New Roman, serif;\"><span style=\"font-size: large;\">Pa\u0219te fericit b\u0103tr\u00e2nilor no\u0219tri!<\/span><\/span><\/span><\/p>\n\n\t\t<\/div>\n\t<\/div>\n\n<div class=\"vc_grid-container-wrapper vc_clearfix vc_grid-animation-fadeIn\">\n\t<div class=\"vc_grid-container vc_clearfix wpb_content_element vc_media_grid\" data-initial-loading-animation=\"fadeIn\" data-vc-grid-settings=\"{&quot;page_id&quot;:66533,&quot;style&quot;:&quot;all&quot;,&quot;action&quot;:&quot;vc_get_vc_grid_data&quot;,&quot;shortcode_id&quot;:&quot;1681805197974-d5c2dac4-f7f1-2&quot;,&quot;tag&quot;:&quot;vc_media_grid&quot;}\" data-vc-request=\"https:\/\/chisinaucentru.md\/wp-admin\/admin-ajax.php\" data-vc-post-id=\"66533\" data-vc-public-nonce=\"39ce34e9ee\">\n\t\t\n\t<\/div>\n<\/div><\/div><\/div><\/div><\/div>","protected":false},"excerpt":{"rendered":"<p>Ast\u0103zi, la cantina social\u0103, am avut o zi special\u0103. \u00cen pragul celei mai mari s\u0103rb\u0103tori cre\u0219tine, Pa\u0219tele, 100 de b\u0103tr\u00e2ni cu valori spirituale sacre, purt\u0103tori ai credin\u021bei, la primirea pr\u00e2nzului cald, au adresat sponsorului Asocia\u021bia pentru Sus\u021binerea Ini\u021biativelor Comunitare \u0219i Sportului, Pretorului Vadim H\u00eencu, la ini\u021biativa c\u0103ruia se desf\u0103\u0219oar\u0103 campania caritabil\u0103, dar \u0219i angaja\u021bilor Preturii&hellip;<\/p>","protected":false},"author":1,"featured_media":66546,"comment_status":"open","ping_status":"open","sticky":false,"template":"","format":"standard","meta":[],"categories":[244],"tags":[],"acf":[],"_links":{"self":[{"href":"https:\/\/chisinaucentru.md\/en\/wp-json\/wp\/v2\/posts\/66533"}],"collection":[{"href":"https:\/\/chisinaucentru.md\/en\/wp-json\/wp\/v2\/posts"}],"about":[{"href":"https:\/\/chisinaucentru.md\/en\/wp-json\/wp\/v2\/types\/post"}],"author":[{"embeddable":true,"href":"https:\/\/chisinaucentru.md\/en\/wp-json\/wp\/v2\/users\/1"}],"replies":[{"embeddable":true,"href":"https:\/\/chisinaucentru.md\/en\/wp-json\/wp\/v2\/comments?post=66533"}],"version-history":[{"count":4,"href":"https:\/\/chisinaucentru.md\/en\/wp-json\/wp\/v2\/posts\/66533\/revisions"}],"predecessor-version":[{"id":66566,"href":"https:\/\/chisinaucentru.md\/en\/wp-json\/wp\/v2\/posts\/66533\/revisions\/66566"}],"wp:featuredmedia":[{"embeddable":true,"href":"https:\/\/chisinaucentru.md\/en\/wp-json\/wp\/v2\/media\/66546"}],"wp:attachment":[{"href":"https:\/\/chisinaucentru.md\/en\/wp-json\/wp\/v2\/media?parent=66533"}],"wp:term":[{"taxonomy":"category","embeddable":true,"href":"https:\/\/chisinaucentru.md\/en\/wp-json\/wp\/v2\/categories?post=66533"},{"taxonomy":"post_tag","embeddable":true,"href":"https:\/\/chisinaucentru.md\/en\/wp-json\/wp\/v2\/tags?post=66533"}],"curies":[{"name":"wp","href":"https:\/\/api.w.org\/{rel}","templated":true}]}}