{"id":66236,"date":"2023-04-05T09:03:51","date_gmt":"2023-04-05T06:03:51","guid":{"rendered":"https:\/\/chisinaucentru.md\/?p=66236"},"modified":"2023-04-06T09:08:10","modified_gmt":"2023-04-06T06:08:10","slug":"la-5-aprilie-este-celebrata-ziua-profesionala-a-salvatorilor-si-pompierilor","status":"publish","type":"post","link":"https:\/\/chisinaucentru.md\/en\/la-5-aprilie-este-celebrata-ziua-profesionala-a-salvatorilor-si-pompierilor\/","title":{"rendered":"La 5 aprilie este celebrat\u0103 Ziua profesional\u0103 a salvatorilor \u0219i pompierilor"},"content":{"rendered":"<div class=\"vc_row wpb_row vc_row-fluid dt-default\" style=\"margin-top: 0px;margin-bottom: 0px\"><div class=\"wpb_column vc_column_container vc_col-sm-12\"><div class=\"vc_column-inner\"><div class=\"wpb_wrapper\">\n\t<div class=\"wpb_text_column wpb_content_element\" >\n\t\t<div class=\"wpb_wrapper\">\n\t\t\t<p align=\"justify\"><span style=\"color: #000000;\"><span style=\"font-family: Times New Roman, serif;\"><span style=\"font-size: large;\"><span lang=\"en-US\">Cu prilejul Zilei profesionale a salvatorilor \u0219i pompierilor, celebrat\u0103 anual la 5 aprilie, ne adres\u0103m cu \u00eenalt\u0103 admira\u021bie c\u0103tre eroii care salveaz\u0103 vie\u021bile altor persoane, risc\u00e2nd de mai multe ori pe ale lor.<\/span><\/span><\/span><\/span><\/p>\n<p align=\"justify\"><span style=\"color: #000000;\"><span style=\"font-family: Times New Roman, serif;\"><span style=\"font-size: large;\"><span lang=\"en-US\">Rolul dumneavoastr\u0103 a crescut de la an la an, dob\u00e2ndind noi valen\u021be. Inspectoratul General pentru Situa\u021bii de Urgen\u021b\u0103, de la o institu\u021bie cu func\u021bie principal\u0103 \u00een stingerea incendiilor, a reu\u0219it s\u0103 se transforme \u00eentr-o institu\u021bie universal\u0103 de interven\u021bie \u0219i salvare, care dep\u0103\u0219e\u0219te acum cu mult responsabilit\u0103\u021bile pe care le avea. <\/span><\/span><\/span><\/span><\/p>\n<p align=\"justify\"><span style=\"color: #000000;\"><span style=\"font-family: Times New Roman, serif;\"><span style=\"font-size: large;\"><span lang=\"en-US\">Buna colaborare dintre Pretura sectorului Centru \u0219i IGSU spore\u0219te consolidarea mecanismelor de preg\u0103tire a locuitorilor din sector la prevenirea situa\u021biilor de urgen\u021b\u0103.<\/span><\/span><\/span><\/span><\/p>\n<p align=\"justify\"><span style=\"color: #000000;\"><span style=\"font-family: Times New Roman, serif;\"><span style=\"font-size: large;\"><span lang=\"en-US\">\u00cen acela\u0219i timp, v\u0103 suntem recunosc\u0103tori pentru interven\u021bia prompt\u0103 la toate situa\u021biile de criz\u0103 din sectorul Centru astfel \u00eenc\u00e2t acestea s\u0103 fie dep\u0103\u0219ite f\u0103r\u0103 victime \u0219i pagube majore. De fiecare dat\u0103 a\u021bi demonstrat profesionalism, b\u0103rb\u0103\u021bie, curaj, eficien\u021b\u0103. Oamenii au \u00eencredere \u00een pompierii \u0219i salvatorii no\u0219tri.<\/span><\/span><\/span><\/span><\/p>\n<p align=\"justify\"><span style=\"color: #000000;\"><span style=\"font-family: Times New Roman, serif;\"><span style=\"font-size: large;\"><span lang=\"en-US\">Onor\u0103m sacrificiile pe care le face\u021bi zi de zi pentru a salva semenii afla\u021bi \u00een pericol, deseori jertfind vie\u021bi \u00een exerci\u021biul func\u021biei.<\/span><\/span><\/span><\/span><\/p>\n<p align=\"justify\"><span style=\"color: #000000;\"><span style=\"font-family: Times New Roman, serif;\"><span style=\"font-size: large;\"><span lang=\"en-US\">V\u0103 felicit\u0103m \u0219i v\u0103 ur\u0103m succes \u00een \u00eendeplinirea tuturor misiunilor! <\/span><\/span><\/span><\/span><span style=\"color: #000000;\"><span style=\"font-family: Times New Roman, serif;\"><span style=\"font-size: large;\">La mul\u021bi ani!<\/span><\/span><\/span><\/p>\n\n\t\t<\/div>\n\t<\/div>\n\n<div class=\"vc_grid-container-wrapper vc_clearfix vc_grid-animation-fadeIn\">\n\t<div class=\"vc_grid-container vc_clearfix wpb_content_element vc_media_grid\" data-initial-loading-animation=\"fadeIn\" data-vc-grid-settings=\"{&quot;page_id&quot;:66236,&quot;style&quot;:&quot;all&quot;,&quot;action&quot;:&quot;vc_get_vc_grid_data&quot;,&quot;shortcode_id&quot;:&quot;1680761218632-a8db8b93-dea4-5&quot;,&quot;tag&quot;:&quot;vc_media_grid&quot;}\" data-vc-request=\"https:\/\/chisinaucentru.md\/wp-admin\/admin-ajax.php\" data-vc-post-id=\"66236\" data-vc-public-nonce=\"71e3d605dc\">\n\t\t\n\t<\/div>\n<\/div><\/div><\/div><\/div><\/div>","protected":false},"excerpt":{"rendered":"<p>Cu prilejul Zilei profesionale a salvatorilor \u0219i pompierilor, celebrat\u0103 anual la 5 aprilie, ne adres\u0103m cu \u00eenalt\u0103 admira\u021bie c\u0103tre eroii care salveaz\u0103 vie\u021bile altor persoane, risc\u00e2nd de mai multe ori pe ale lor. Rolul dumneavoastr\u0103 a crescut de la an la an, dob\u00e2ndind noi valen\u021be. Inspectoratul General pentru Situa\u021bii de Urgen\u021b\u0103, de la o institu\u021bie&hellip;<\/p>","protected":false},"author":1,"featured_media":66237,"comment_status":"open","ping_status":"open","sticky":false,"template":"","format":"standard","meta":[],"categories":[244],"tags":[],"acf":[],"_links":{"self":[{"href":"https:\/\/chisinaucentru.md\/en\/wp-json\/wp\/v2\/posts\/66236"}],"collection":[{"href":"https:\/\/chisinaucentru.md\/en\/wp-json\/wp\/v2\/posts"}],"about":[{"href":"https:\/\/chisinaucentru.md\/en\/wp-json\/wp\/v2\/types\/post"}],"author":[{"embeddable":true,"href":"https:\/\/chisinaucentru.md\/en\/wp-json\/wp\/v2\/users\/1"}],"replies":[{"embeddable":true,"href":"https:\/\/chisinaucentru.md\/en\/wp-json\/wp\/v2\/comments?post=66236"}],"version-history":[{"count":3,"href":"https:\/\/chisinaucentru.md\/en\/wp-json\/wp\/v2\/posts\/66236\/revisions"}],"predecessor-version":[{"id":66240,"href":"https:\/\/chisinaucentru.md\/en\/wp-json\/wp\/v2\/posts\/66236\/revisions\/66240"}],"wp:featuredmedia":[{"embeddable":true,"href":"https:\/\/chisinaucentru.md\/en\/wp-json\/wp\/v2\/media\/66237"}],"wp:attachment":[{"href":"https:\/\/chisinaucentru.md\/en\/wp-json\/wp\/v2\/media?parent=66236"}],"wp:term":[{"taxonomy":"category","embeddable":true,"href":"https:\/\/chisinaucentru.md\/en\/wp-json\/wp\/v2\/categories?post=66236"},{"taxonomy":"post_tag","embeddable":true,"href":"https:\/\/chisinaucentru.md\/en\/wp-json\/wp\/v2\/tags?post=66236"}],"curies":[{"name":"wp","href":"https:\/\/api.w.org\/{rel}","templated":true}]}}