{"id":66181,"date":"2023-04-03T16:34:26","date_gmt":"2023-04-03T13:34:26","guid":{"rendered":"https:\/\/chisinaucentru.md\/?p=66181"},"modified":"2023-04-03T16:36:40","modified_gmt":"2023-04-03T13:36:40","slug":"zi-de-audienta-a-cetatenilor","status":"publish","type":"post","link":"https:\/\/chisinaucentru.md\/en\/zi-de-audienta-a-cetatenilor\/","title":{"rendered":"Zi de audien\u021b\u0103 a cet\u0103\u021benilor"},"content":{"rendered":"<div class=\"vc_row wpb_row vc_row-fluid dt-default\" style=\"margin-top: 0px;margin-bottom: 0px\"><div class=\"wpb_column vc_column_container vc_col-sm-12\"><div class=\"vc_column-inner\"><div class=\"wpb_wrapper\">\n\t<div class=\"wpb_text_column wpb_content_element\" >\n\t\t<div class=\"wpb_wrapper\">\n\t\t\t<p align=\"justify\"><span style=\"color: #000000;\"><span style=\"font-family: Times New Roman, serif;\"><span style=\"font-size: large;\"><span lang=\"en-US\">La 3 aprilie 2023, autoritatea public\u0103 local\u0103, reprezentat\u0103 de conducerea Preturii sectorului Centru, func\u021bionari ai Prim\u0103riei municipiului Chi\u0219in\u0103u, consilieri municipali, a primit \u00een audien\u021b\u0103 asocia\u021biile ob\u0219te\u0219ti teritoriale a victimelor catastrofei din Cernob\u00eel. <\/span><\/span><\/span><\/span><\/p>\n<p align=\"justify\"><span style=\"color: #000000;\"><span style=\"font-family: Times New Roman, serif;\"><span style=\"font-size: large;\"><span lang=\"en-US\">\u00centrunirea de azi, coordonat\u0103 de Pretorul sectorului Centru, Vadim H\u00eencu, a atras mai mul\u021bi oficiali din necesitatea examin\u0103rii ample la nivel municipal, dar \u0219i de sector a posibilit\u0103\u021bilor stabilirii rela\u021biilor de colaborare reciproc\u0103 \u00eentre cele 2 p\u0103r\u021bi, exprimarea intereselor membrilor asocia\u021biei, sporirea mecanismelor de protec\u021bie \u0219i integrare social\u0103 la treapt\u0103 local\u0103 a participan\u021bilor la lichidarea accidentului, analiza oportunit\u0103\u021bii acord\u0103rii suportului umanitar \u00een contextul zilei de comemorare a victimelor avariei nucleare, marcat\u0103 la 26 aprilie, anual. <\/span><\/span><\/span><\/span><\/p>\n<p align=\"justify\"><span style=\"color: #000000;\"><span style=\"font-family: Times New Roman, serif;\"><span style=\"font-size: large;\"><span lang=\"en-US\">Finalitatea discu\u021biilor a \u00eensumat din partea reprezentan\u021bilor APL un \u0219ir de solu\u021bii concrete la solicit\u0103rile expuse de c\u0103tre asocia\u021biile ob\u0219te\u0219ti.<\/span><\/span><\/span><\/span><\/p>\n\n\t\t<\/div>\n\t<\/div>\n\n<div class=\"vc_grid-container-wrapper vc_clearfix vc_grid-animation-fadeIn\">\n\t<div class=\"vc_grid-container vc_clearfix wpb_content_element vc_media_grid\" data-initial-loading-animation=\"fadeIn\" data-vc-grid-settings=\"{&quot;page_id&quot;:66181,&quot;style&quot;:&quot;all&quot;,&quot;action&quot;:&quot;vc_get_vc_grid_data&quot;,&quot;shortcode_id&quot;:&quot;1680528907200-69f17b5f-c784-4&quot;,&quot;tag&quot;:&quot;vc_media_grid&quot;}\" data-vc-request=\"https:\/\/chisinaucentru.md\/wp-admin\/admin-ajax.php\" data-vc-post-id=\"66181\" data-vc-public-nonce=\"71e3d605dc\">\n\t\t\n\t<\/div>\n<\/div><\/div><\/div><\/div><\/div>","protected":false},"excerpt":{"rendered":"<p>La 3 aprilie 2023, autoritatea public\u0103 local\u0103, reprezentat\u0103 de conducerea Preturii sectorului Centru, func\u021bionari ai Prim\u0103riei municipiului Chi\u0219in\u0103u, consilieri municipali, a primit \u00een audien\u021b\u0103 asocia\u021biile ob\u0219te\u0219ti teritoriale a victimelor catastrofei din Cernob\u00eel. \u00centrunirea de azi, coordonat\u0103 de Pretorul sectorului Centru, Vadim H\u00eencu, a atras mai mul\u021bi oficiali din necesitatea examin\u0103rii ample la nivel municipal, dar&hellip;<\/p>","protected":false},"author":1,"featured_media":66183,"comment_status":"open","ping_status":"open","sticky":false,"template":"","format":"standard","meta":[],"categories":[244],"tags":[],"acf":[],"_links":{"self":[{"href":"https:\/\/chisinaucentru.md\/en\/wp-json\/wp\/v2\/posts\/66181"}],"collection":[{"href":"https:\/\/chisinaucentru.md\/en\/wp-json\/wp\/v2\/posts"}],"about":[{"href":"https:\/\/chisinaucentru.md\/en\/wp-json\/wp\/v2\/types\/post"}],"author":[{"embeddable":true,"href":"https:\/\/chisinaucentru.md\/en\/wp-json\/wp\/v2\/users\/1"}],"replies":[{"embeddable":true,"href":"https:\/\/chisinaucentru.md\/en\/wp-json\/wp\/v2\/comments?post=66181"}],"version-history":[{"count":3,"href":"https:\/\/chisinaucentru.md\/en\/wp-json\/wp\/v2\/posts\/66181\/revisions"}],"predecessor-version":[{"id":66195,"href":"https:\/\/chisinaucentru.md\/en\/wp-json\/wp\/v2\/posts\/66181\/revisions\/66195"}],"wp:featuredmedia":[{"embeddable":true,"href":"https:\/\/chisinaucentru.md\/en\/wp-json\/wp\/v2\/media\/66183"}],"wp:attachment":[{"href":"https:\/\/chisinaucentru.md\/en\/wp-json\/wp\/v2\/media?parent=66181"}],"wp:term":[{"taxonomy":"category","embeddable":true,"href":"https:\/\/chisinaucentru.md\/en\/wp-json\/wp\/v2\/categories?post=66181"},{"taxonomy":"post_tag","embeddable":true,"href":"https:\/\/chisinaucentru.md\/en\/wp-json\/wp\/v2\/tags?post=66181"}],"curies":[{"name":"wp","href":"https:\/\/api.w.org\/{rel}","templated":true}]}}