{"id":66077,"date":"2023-03-30T09:53:51","date_gmt":"2023-03-30T06:53:51","guid":{"rendered":"https:\/\/chisinaucentru.md\/?p=66077"},"modified":"2023-03-30T09:58:51","modified_gmt":"2023-03-30T06:58:51","slug":"consecintele-vantului-puternic-inlaturate","status":"publish","type":"post","link":"https:\/\/chisinaucentru.md\/en\/consecintele-vantului-puternic-inlaturate\/","title":{"rendered":"Consecin\u021bele v\u00e2ntului puternic- \u00eenl\u0103turate"},"content":{"rendered":"<div class=\"vc_row wpb_row vc_row-fluid dt-default\" style=\"margin-top: 0px;margin-bottom: 0px\"><div class=\"wpb_column vc_column_container vc_col-sm-12\"><div class=\"vc_column-inner\"><div class=\"wpb_wrapper\">\n\t<div class=\"wpb_text_column wpb_content_element\" >\n\t\t<div class=\"wpb_wrapper\">\n\t\t\t<p align=\"justify\"><span style=\"color: #2c2d2e;\"><span style=\"font-family: Times New Roman, serif;\"><span style=\"font-size: large;\"><span lang=\"en-US\">Toate serviciile de sector au fost implicate aceste zile la remedierea avariilor provocate \u00een urma rafalelor v\u00e2ntului puternic din 27, 28, 29 martie 2023.<\/span><\/span><\/span><\/span><\/p>\n<p align=\"justify\"><span style=\"color: #2c2d2e;\"><span style=\"font-family: Times New Roman, serif;\"><span style=\"font-size: large;\"><span lang=\"en-US\">\u00centreprinderea municipal\u0103 \u201cAsocia\u021bia de gospod\u0103rire a spa\u021biilor verzi\u201d a intervenit operativ la evacuarea arborilor dobor\u00e2\u021bi, a crengilor c\u0103zute peste acoperi\u0219uri, fire, cabluri electrice, indicatoare rutiere \u0219.a.<\/span><\/span><\/span><\/span><\/p>\n<p align=\"justify\"><span style=\"color: #2c2d2e;\"><span style=\"font-family: Times New Roman, serif;\"><span style=\"font-size: large;\"><span lang=\"en-US\">\u00centreprinderile municipale de gestionare a fondului locativ nr.8-12 au fost atrase la colectarea \u0219i evacuarea crengilor rupte, salubrizarea spa\u021biilor publice acoperite de ramuri \u0219i vegeta\u021bie r\u0103sp\u00e2ndit\u0103 de v\u00e2nt. <\/span><\/span><\/span><\/span><\/p>\n<p align=\"justify\"><span style=\"color: #2c2d2e;\"><span style=\"font-family: Times New Roman, serif;\"><span style=\"font-size: large;\"><span lang=\"en-US\">Totodat\u0103 au fost executate lucr\u0103ri de repara\u021bie a acoperi\u0219urilor care au fost deteriorate de v\u00e2nt la blocurile\u00a0 locative din str. Al. Pu\u0219kin 28, Mit. Varlaam 46, 73, 90, Bulgar\u0103, 41.<\/span><\/span><\/span><\/span><\/p>\n\n\t\t<\/div>\n\t<\/div>\n\n<div class=\"vc_grid-container-wrapper vc_clearfix vc_grid-animation-fadeIn\">\n\t<div class=\"vc_grid-container vc_clearfix wpb_content_element vc_media_grid\" data-initial-loading-animation=\"fadeIn\" data-vc-grid-settings=\"{&quot;page_id&quot;:66077,&quot;style&quot;:&quot;all&quot;,&quot;action&quot;:&quot;vc_get_vc_grid_data&quot;,&quot;shortcode_id&quot;:&quot;1680159255972-499acaf5-2f07-7&quot;,&quot;tag&quot;:&quot;vc_media_grid&quot;}\" data-vc-request=\"https:\/\/chisinaucentru.md\/wp-admin\/admin-ajax.php\" data-vc-post-id=\"66077\" data-vc-public-nonce=\"fb1b8afed9\">\n\t\t\n\t<\/div>\n<\/div><\/div><\/div><\/div><\/div>","protected":false},"excerpt":{"rendered":"<p>Toate serviciile de sector au fost implicate aceste zile la remedierea avariilor provocate \u00een urma rafalelor v\u00e2ntului puternic din 27, 28, 29 martie 2023. \u00centreprinderea municipal\u0103 \u201cAsocia\u021bia de gospod\u0103rire a spa\u021biilor verzi\u201d a intervenit operativ la evacuarea arborilor dobor\u00e2\u021bi, a crengilor c\u0103zute peste acoperi\u0219uri, fire, cabluri electrice, indicatoare rutiere \u0219.a. \u00centreprinderile municipale de gestionare a&hellip;<\/p>","protected":false},"author":1,"featured_media":66079,"comment_status":"open","ping_status":"open","sticky":false,"template":"","format":"standard","meta":[],"categories":[244],"tags":[],"acf":[],"_links":{"self":[{"href":"https:\/\/chisinaucentru.md\/en\/wp-json\/wp\/v2\/posts\/66077"}],"collection":[{"href":"https:\/\/chisinaucentru.md\/en\/wp-json\/wp\/v2\/posts"}],"about":[{"href":"https:\/\/chisinaucentru.md\/en\/wp-json\/wp\/v2\/types\/post"}],"author":[{"embeddable":true,"href":"https:\/\/chisinaucentru.md\/en\/wp-json\/wp\/v2\/users\/1"}],"replies":[{"embeddable":true,"href":"https:\/\/chisinaucentru.md\/en\/wp-json\/wp\/v2\/comments?post=66077"}],"version-history":[{"count":3,"href":"https:\/\/chisinaucentru.md\/en\/wp-json\/wp\/v2\/posts\/66077\/revisions"}],"predecessor-version":[{"id":66112,"href":"https:\/\/chisinaucentru.md\/en\/wp-json\/wp\/v2\/posts\/66077\/revisions\/66112"}],"wp:featuredmedia":[{"embeddable":true,"href":"https:\/\/chisinaucentru.md\/en\/wp-json\/wp\/v2\/media\/66079"}],"wp:attachment":[{"href":"https:\/\/chisinaucentru.md\/en\/wp-json\/wp\/v2\/media?parent=66077"}],"wp:term":[{"taxonomy":"category","embeddable":true,"href":"https:\/\/chisinaucentru.md\/en\/wp-json\/wp\/v2\/categories?post=66077"},{"taxonomy":"post_tag","embeddable":true,"href":"https:\/\/chisinaucentru.md\/en\/wp-json\/wp\/v2\/tags?post=66077"}],"curies":[{"name":"wp","href":"https:\/\/api.w.org\/{rel}","templated":true}]}}