{"id":65949,"date":"2023-03-25T09:41:11","date_gmt":"2023-03-25T07:41:11","guid":{"rendered":"https:\/\/chisinaucentru.md\/?p=65949"},"modified":"2023-03-27T09:45:51","modified_gmt":"2023-03-27T06:45:51","slug":"caravana-ecologizarii-continua-in-sectorul-centru","status":"publish","type":"post","link":"https:\/\/chisinaucentru.md\/en\/caravana-ecologizarii-continua-in-sectorul-centru\/","title":{"rendered":"Caravana ecologiz\u0103rii continu\u0103 \u00een sectorul Centru"},"content":{"rendered":"<div class=\"vc_row wpb_row vc_row-fluid dt-default\" style=\"margin-top: 0px;margin-bottom: 0px\"><div class=\"wpb_column vc_column_container vc_col-sm-12\"><div class=\"vc_column-inner\"><div class=\"wpb_wrapper\">\n\t<div class=\"wpb_text_column wpb_content_element\" >\n\t\t<div class=\"wpb_wrapper\">\n\t\t\t<p align=\"justify\"><span style=\"color: #050505;\"><span style=\"font-family: Times New Roman, serif;\"><span style=\"font-size: large;\"><span lang=\"en-US\">\u00cen conformitate cu planul de ac\u021biuni aprobat prin dispozi\u021bia Pretorului sectorului Centru, Vadim H\u00eencu, cu privire la asigurarea ordinii sanitare \u0219i amenaj\u0103rii sectorului, \u00een temeiul dispozi\u021biei Primarului General al municipiului Chi\u015fin\u0103u, Ion Ceban, nr. 89-d din 14.03.2023 cu privire la organizarea campaniei de salubrizare \u00een municipiul Chi\u015fin\u0103u \u201cCur\u0103\u021benia general\u0103 de prim\u0103var\u0103\u201d, \u00een sectorul Centru se fac \u00een ordine succesiv\u0103 diverse ac\u021biuni de informare \u0219i sensibilizare a popula\u021biei, atragere a locuitorilor la igienizarea spa\u021biilor publice, organizare a activit\u0103\u021bilor de salubrizare.<\/span><\/span><\/span><\/span><\/p>\n<p align=\"justify\"><span style=\"color: #050505;\"><span style=\"font-family: Times New Roman, serif;\"><span style=\"font-size: large;\"><span lang=\"en-US\">La 25 martie 2023, s-a desf\u0103\u015furat ac\u021biunea de salubrizare a parcului-p\u0103dure din strada Nicolae Testimi\u021beanu, 29\/2, prin care s-au colectat \u0219i evacuat de\u0219eurile.<\/span><\/span><\/span><\/span><\/p>\n<p align=\"justify\"><span style=\"color: #050505;\"><span style=\"font-family: Times New Roman, serif;\"><span style=\"font-size: large;\"><span lang=\"en-US\">\u0218i de aceast\u0103 dat\u0103 ini\u021biativei ecologice a Preturii i s-au al\u0103turat grupuri de voluntari responsabili \u0219i activi. <\/span><\/span><\/span><\/span><\/p>\n<p align=\"justify\"><span style=\"color: #050505;\"><span style=\"font-family: Times New Roman, serif;\"><span style=\"font-size: large;\"><span lang=\"en-US\">Ast\u0103zi, cei care au manifestat grij\u0103 fa\u021b\u0103 de sectorul Centru au fost:<\/span><\/span><\/span><\/span><\/p>\n<p align=\"justify\"><span style=\"color: #050505;\"><span style=\"font-family: Times New Roman, serif;\"><span style=\"font-size: large;\"><span lang=\"en-US\">&#8211; Func\u021bionarii publici din cadrul Preturii <\/span><\/span><\/span><\/span><\/p>\n<p align=\"justify\"><span style=\"color: #050505;\"><span style=\"font-family: Times New Roman, serif;\"><span style=\"font-size: large;\"><span lang=\"en-US\">&#8211; <\/span><\/span><\/span><\/span><span style=\"color: #050505;\"><span style=\"font-family: Times New Roman, serif;\"><span style=\"font-size: large;\"><span lang=\"ro-RO\">Direc\u021bia educa\u021bia, tineret \u0219i sport Centru<\/span><\/span><\/span><\/span><\/p>\n<p align=\"justify\"><span style=\"color: #050505;\"><span style=\"font-family: Times New Roman, serif;\"><span style=\"font-size: large;\"><span lang=\"en-US\">&#8211; Angaja\u021bii gr\u0103dini\u021belor din sector<\/span><\/span><\/span><\/span><\/p>\n<p align=\"justify\"><span style=\"color: #050505;\"><span style=\"font-family: Times New Roman, serif;\"><span style=\"font-size: large;\"><span lang=\"en-US\">&#8211; Direc\u021bia pentru protec\u021bia drepturilor copilului Centru<\/span><\/span><\/span><\/span><\/p>\n<p align=\"justify\"><span style=\"color: #050505;\"><span style=\"font-family: Times New Roman, serif;\"><span style=\"font-size: large;\"><span lang=\"en-US\">&#8211; <\/span><\/span><\/span><\/span><span style=\"color: #050505;\"><span style=\"font-family: Times New Roman, serif;\"><span style=\"font-size: large;\"><span lang=\"ro-RO\">Funda\u021bia pentru Dezvoltare Ecologic\u0103 \u201dEcoDava\u201d<\/span><\/span><\/span><\/span><\/p>\n<p align=\"justify\"><span style=\"color: #050505;\"><span style=\"font-family: Times New Roman, serif;\"><span style=\"font-size: large;\"><span lang=\"en-US\">&#8211; <\/span><\/span><\/span><\/span><span style=\"color: #050505;\"><span style=\"font-family: Times New Roman, serif;\"><span style=\"font-size: large;\"><span lang=\"ro-RO\">YMCA Moldova<\/span><\/span><\/span><\/span><\/p>\n<p align=\"justify\"><span style=\"color: #050505;\"><span style=\"font-family: Times New Roman, serif;\"><span style=\"font-size: large;\"><span lang=\"en-US\">&#8211; Refugia\u021bi din Ucraina<\/span><\/span><\/span><\/span><\/p>\n<p align=\"justify\"><span style=\"color: #050505;\"><span style=\"font-family: Times New Roman, serif;\"><span style=\"font-size: large;\"><span lang=\"en-US\">Venim cu \u00eendemn c\u0103tre to\u021bi locatarii, agen\u021bii economici din sector de a \u021bine tradi\u021bia locului, c\u00e2nd \u00een ajunul S\u0103rb\u0103torilor Pascale cu to\u021bii facem cur\u0103\u021benie.<\/span><\/span><\/span><\/span><\/p>\n<p align=\"justify\"><span style=\"color: #050505;\"><span style=\"font-family: Times New Roman, serif;\"><span style=\"font-size: large;\"><span lang=\"en-US\">Caravana ecologiz\u0103rii ajunge, s\u0103pt\u0103m\u00e2na urm\u0103toare, \u00een alt\u0103 loca\u021bie din sector. <\/span><\/span><\/span><\/span><span style=\"color: #050505;\"><span style=\"font-family: Times New Roman, serif;\"><span style=\"font-size: large;\">Veni\u021bi cu noi!<\/span><\/span><\/span><\/p>\n\n\t\t<\/div>\n\t<\/div>\n\n<div class=\"vc_grid-container-wrapper vc_clearfix vc_grid-animation-fadeIn\">\n\t<div class=\"vc_grid-container vc_clearfix wpb_content_element vc_media_grid\" data-initial-loading-animation=\"fadeIn\" data-vc-grid-settings=\"{&quot;page_id&quot;:65949,&quot;style&quot;:&quot;all&quot;,&quot;action&quot;:&quot;vc_get_vc_grid_data&quot;,&quot;shortcode_id&quot;:&quot;1679899363574-f3315538-59d0-10&quot;,&quot;tag&quot;:&quot;vc_media_grid&quot;}\" data-vc-request=\"https:\/\/chisinaucentru.md\/wp-admin\/admin-ajax.php\" data-vc-post-id=\"65949\" data-vc-public-nonce=\"39ce34e9ee\">\n\t\t\n\t<\/div>\n<\/div><\/div><\/div><\/div><\/div>","protected":false},"excerpt":{"rendered":"<p>\u00cen conformitate cu planul de ac\u021biuni aprobat prin dispozi\u021bia Pretorului sectorului Centru, Vadim H\u00eencu, cu privire la asigurarea ordinii sanitare \u0219i amenaj\u0103rii sectorului, \u00een temeiul dispozi\u021biei Primarului General al municipiului Chi\u015fin\u0103u, Ion Ceban, nr. 89-d din 14.03.2023 cu privire la organizarea campaniei de salubrizare \u00een municipiul Chi\u015fin\u0103u \u201cCur\u0103\u021benia general\u0103 de prim\u0103var\u0103\u201d, \u00een sectorul Centru se&hellip;<\/p>","protected":false},"author":1,"featured_media":65951,"comment_status":"open","ping_status":"open","sticky":false,"template":"","format":"standard","meta":[],"categories":[244],"tags":[],"acf":[],"_links":{"self":[{"href":"https:\/\/chisinaucentru.md\/en\/wp-json\/wp\/v2\/posts\/65949"}],"collection":[{"href":"https:\/\/chisinaucentru.md\/en\/wp-json\/wp\/v2\/posts"}],"about":[{"href":"https:\/\/chisinaucentru.md\/en\/wp-json\/wp\/v2\/types\/post"}],"author":[{"embeddable":true,"href":"https:\/\/chisinaucentru.md\/en\/wp-json\/wp\/v2\/users\/1"}],"replies":[{"embeddable":true,"href":"https:\/\/chisinaucentru.md\/en\/wp-json\/wp\/v2\/comments?post=65949"}],"version-history":[{"count":2,"href":"https:\/\/chisinaucentru.md\/en\/wp-json\/wp\/v2\/posts\/65949\/revisions"}],"predecessor-version":[{"id":66007,"href":"https:\/\/chisinaucentru.md\/en\/wp-json\/wp\/v2\/posts\/65949\/revisions\/66007"}],"wp:featuredmedia":[{"embeddable":true,"href":"https:\/\/chisinaucentru.md\/en\/wp-json\/wp\/v2\/media\/65951"}],"wp:attachment":[{"href":"https:\/\/chisinaucentru.md\/en\/wp-json\/wp\/v2\/media?parent=65949"}],"wp:term":[{"taxonomy":"category","embeddable":true,"href":"https:\/\/chisinaucentru.md\/en\/wp-json\/wp\/v2\/categories?post=65949"},{"taxonomy":"post_tag","embeddable":true,"href":"https:\/\/chisinaucentru.md\/en\/wp-json\/wp\/v2\/tags?post=65949"}],"curies":[{"name":"wp","href":"https:\/\/api.w.org\/{rel}","templated":true}]}}