{"id":65480,"date":"2023-03-08T14:52:01","date_gmt":"2023-03-08T12:52:01","guid":{"rendered":"https:\/\/chisinaucentru.md\/?p=65480"},"modified":"2023-03-09T14:54:25","modified_gmt":"2023-03-09T12:54:25","slug":"femei-cu-deficiente-de-auz-si-vorbire-felicitate-de-catre-pretor-cu-ocazia-zilei-de-8-martie","status":"publish","type":"post","link":"https:\/\/chisinaucentru.md\/en\/femei-cu-deficiente-de-auz-si-vorbire-felicitate-de-catre-pretor-cu-ocazia-zilei-de-8-martie\/","title":{"rendered":"Femei cu deficien\u021be de auz \u0219i vorbire felicitate de c\u0103tre Pretor cu ocazia zilei de 8 Martie"},"content":{"rendered":"<div class=\"vc_row wpb_row vc_row-fluid dt-default\" style=\"margin-top: 0px;margin-bottom: 0px\"><div class=\"wpb_column vc_column_container vc_col-sm-12\"><div class=\"vc_column-inner\"><div class=\"wpb_wrapper\">\n\t<div class=\"wpb_text_column wpb_content_element\" >\n\t\t<div class=\"wpb_wrapper\">\n\t\t\t<p align=\"justify\"><span style=\"color: #050505;\"><span style=\"font-family: Times New Roman, serif;\"><span style=\"font-size: large;\"><span lang=\"en-US\">Doamnele \u0219i domni\u0219oarele cu deficien\u021be de auz \u0219i vorbire ale Asocia\u021biei Surzilor din RM au fost felicitate cu minunata ocazie a s\u0103rb\u0103torii de 8 Martie de c\u0103tre conducerea Preturii sectorului Centru. Fiecare femeie s-a ales cu un colet cu produse alimentare, cu o felicitare din partea Primarului General, dar \u0219i cu un z\u00e2mbet cald.<\/span><\/span><\/span><\/span><\/p>\n<p align=\"justify\"><span style=\"color: #050505;\"><span style=\"font-family: Times New Roman, serif;\"><span style=\"font-size: large;\"><span lang=\"en-US\">Pretorul sectorului Centru, Vadim H\u00eencu a urat g\u00e2nduri frumoase celor prezente \u00een sal\u0103 cu prilejul Zilei interna\u021bionale a femeii, eviden\u021biind puterea \u0219i curajul acestora de a tr\u0103i fiecare zi cu bucurie \u00een ciuda dificult\u0103\u021bilor pe care le au, mesajul s\u0103u fiind translat \u00een limbajul mimico-gestual.<\/span><\/span><\/span><\/span><\/p>\n\n\t\t<\/div>\n\t<\/div>\n\n<div class=\"vc_grid-container-wrapper vc_clearfix vc_grid-animation-fadeIn\">\n\t<div class=\"vc_grid-container vc_clearfix wpb_content_element vc_media_grid\" data-initial-loading-animation=\"fadeIn\" data-vc-grid-settings=\"{&quot;page_id&quot;:65480,&quot;style&quot;:&quot;all&quot;,&quot;action&quot;:&quot;vc_get_vc_grid_data&quot;,&quot;shortcode_id&quot;:&quot;1678366341469-0ec43302-ddc6-1&quot;,&quot;tag&quot;:&quot;vc_media_grid&quot;}\" data-vc-request=\"https:\/\/chisinaucentru.md\/wp-admin\/admin-ajax.php\" data-vc-post-id=\"65480\" data-vc-public-nonce=\"834cf87f23\">\n\t\t\n\t<\/div>\n<\/div><\/div><\/div><\/div><\/div>","protected":false},"excerpt":{"rendered":"<p>Doamnele \u0219i domni\u0219oarele cu deficien\u021be de auz \u0219i vorbire ale Asocia\u021biei Surzilor din RM au fost felicitate cu minunata ocazie a s\u0103rb\u0103torii de 8 Martie de c\u0103tre conducerea Preturii sectorului Centru. Fiecare femeie s-a ales cu un colet cu produse alimentare, cu o felicitare din partea Primarului General, dar \u0219i cu un z\u00e2mbet cald. Pretorul&hellip;<\/p>","protected":false},"author":1,"featured_media":65482,"comment_status":"open","ping_status":"open","sticky":false,"template":"","format":"standard","meta":[],"categories":[244],"tags":[],"acf":[],"_links":{"self":[{"href":"https:\/\/chisinaucentru.md\/en\/wp-json\/wp\/v2\/posts\/65480"}],"collection":[{"href":"https:\/\/chisinaucentru.md\/en\/wp-json\/wp\/v2\/posts"}],"about":[{"href":"https:\/\/chisinaucentru.md\/en\/wp-json\/wp\/v2\/types\/post"}],"author":[{"embeddable":true,"href":"https:\/\/chisinaucentru.md\/en\/wp-json\/wp\/v2\/users\/1"}],"replies":[{"embeddable":true,"href":"https:\/\/chisinaucentru.md\/en\/wp-json\/wp\/v2\/comments?post=65480"}],"version-history":[{"count":3,"href":"https:\/\/chisinaucentru.md\/en\/wp-json\/wp\/v2\/posts\/65480\/revisions"}],"predecessor-version":[{"id":65504,"href":"https:\/\/chisinaucentru.md\/en\/wp-json\/wp\/v2\/posts\/65480\/revisions\/65504"}],"wp:featuredmedia":[{"embeddable":true,"href":"https:\/\/chisinaucentru.md\/en\/wp-json\/wp\/v2\/media\/65482"}],"wp:attachment":[{"href":"https:\/\/chisinaucentru.md\/en\/wp-json\/wp\/v2\/media?parent=65480"}],"wp:term":[{"taxonomy":"category","embeddable":true,"href":"https:\/\/chisinaucentru.md\/en\/wp-json\/wp\/v2\/categories?post=65480"},{"taxonomy":"post_tag","embeddable":true,"href":"https:\/\/chisinaucentru.md\/en\/wp-json\/wp\/v2\/tags?post=65480"}],"curies":[{"name":"wp","href":"https:\/\/api.w.org\/{rel}","templated":true}]}}