{"id":65024,"date":"2023-02-13T14:44:31","date_gmt":"2023-02-13T12:44:31","guid":{"rendered":"https:\/\/chisinaucentru.md\/?p=65024"},"modified":"2023-02-14T09:48:49","modified_gmt":"2023-02-14T07:48:49","slug":"cantina-sociala-masa-bucuriei-lansata-la-initiativa-pretorului-sectorului-centru-vadim-hincu-este-in-plina-desfasurare-de-4-luni-consecutiv","status":"publish","type":"post","link":"https:\/\/chisinaucentru.md\/en\/cantina-sociala-masa-bucuriei-lansata-la-initiativa-pretorului-sectorului-centru-vadim-hincu-este-in-plina-desfasurare-de-4-luni-consecutiv\/","title":{"rendered":"Cantina social\u0103 \u201cMasa Bucuriei\u201d lansat\u0103 la ini\u021biativa Pretorului sectorului Centru, Vadim H\u00eencu este \u00een plin\u0103 desf\u0103\u0219urare de 4 luni consecutiv"},"content":{"rendered":"<div class=\"vc_row wpb_row vc_row-fluid dt-default\" style=\"margin-top: 0px;margin-bottom: 0px\"><div class=\"wpb_column vc_column_container vc_col-sm-12\"><div class=\"vc_column-inner\"><div class=\"wpb_wrapper\">\n\t<div class=\"wpb_text_column wpb_content_element\" >\n\t\t<div class=\"wpb_wrapper\">\n\t\t\t<p align=\"justify\"><span style=\"color: #050505;\"><span style=\"font-family: Times New Roman, serif;\"><span style=\"font-size: large;\"><span lang=\"en-US\">Pentru prea mul\u021bi din noi lipsurile \u0219i greut\u0103\u021bile \u00ee\u0219i dau de \u0219tire, \u00een special pe perioada rece a anului, din care motiv campania de caritate \u201cMasa Bucuriei\u201d lansat\u0103 la ini\u021biativa Pretorului sectorului Centru, Vadim H\u00eencu este \u00een plin\u0103 desf\u0103\u0219urare de 4 luni consecutiv. Contribu\u021bia partenerului <\/span><\/span><\/span><\/span><span style=\"color: #050505;\"><span style=\"font-family: Times New Roman, serif;\"><span style=\"font-size: large;\"><span lang=\"ro-MD\">Asocia\u021bia pentru Sus\u021binerea Ini\u021biativelor Comunitare \u0219i Sportului <\/span><\/span><\/span><\/span><span style=\"color: #050505;\"><span style=\"font-family: Times New Roman, serif;\"><span style=\"font-size: large;\"><span lang=\"en-US\">spore\u0219te atingerea scopului preconizat de a ajuta c\u00e2t mai mul\u021bi oameni din sector.<\/span><\/span><\/span><\/span><\/p>\n<p align=\"justify\"><span style=\"color: #050505;\"><span style=\"font-family: Times New Roman, serif;\"><span style=\"font-size: large;\"><span lang=\"en-US\">Pr\u00e2nzurile calde sunt primite cu mare mul\u021bumire de persoanele care au nevoie de ele cu adev\u0103rat, fapt ce dovede\u0219te importan\u021ba actului de caritate pe care Pretura sectorului Centru \u00eel realizeaz\u0103.<\/span><\/span><\/span><\/span><\/p>\n\n\t\t<\/div>\n\t<\/div>\n\n<div class=\"vc_grid-container-wrapper vc_clearfix vc_grid-animation-fadeIn\">\n\t<div class=\"vc_grid-container vc_clearfix wpb_content_element vc_media_grid\" data-initial-loading-animation=\"fadeIn\" data-vc-grid-settings=\"{&quot;page_id&quot;:65024,&quot;style&quot;:&quot;all&quot;,&quot;action&quot;:&quot;vc_get_vc_grid_data&quot;,&quot;shortcode_id&quot;:&quot;1676360718992-eb5ed846-c4bb-5&quot;,&quot;tag&quot;:&quot;vc_media_grid&quot;}\" data-vc-request=\"https:\/\/chisinaucentru.md\/wp-admin\/admin-ajax.php\" data-vc-post-id=\"65024\" data-vc-public-nonce=\"39ce34e9ee\">\n\t\t\n\t<\/div>\n<\/div><\/div><\/div><\/div><\/div>","protected":false},"excerpt":{"rendered":"<p>Pentru prea mul\u021bi din noi lipsurile \u0219i greut\u0103\u021bile \u00ee\u0219i dau de \u0219tire, \u00een special pe perioada rece a anului, din care motiv campania de caritate \u201cMasa Bucuriei\u201d lansat\u0103 la ini\u021biativa Pretorului sectorului Centru, Vadim H\u00eencu este \u00een plin\u0103 desf\u0103\u0219urare de 4 luni consecutiv. Contribu\u021bia partenerului Asocia\u021bia pentru Sus\u021binerea Ini\u021biativelor Comunitare \u0219i Sportului spore\u0219te atingerea scopului&hellip;<\/p>","protected":false},"author":1,"featured_media":65026,"comment_status":"open","ping_status":"open","sticky":false,"template":"","format":"standard","meta":[],"categories":[244],"tags":[],"acf":[],"_links":{"self":[{"href":"https:\/\/chisinaucentru.md\/en\/wp-json\/wp\/v2\/posts\/65024"}],"collection":[{"href":"https:\/\/chisinaucentru.md\/en\/wp-json\/wp\/v2\/posts"}],"about":[{"href":"https:\/\/chisinaucentru.md\/en\/wp-json\/wp\/v2\/types\/post"}],"author":[{"embeddable":true,"href":"https:\/\/chisinaucentru.md\/en\/wp-json\/wp\/v2\/users\/1"}],"replies":[{"embeddable":true,"href":"https:\/\/chisinaucentru.md\/en\/wp-json\/wp\/v2\/comments?post=65024"}],"version-history":[{"count":3,"href":"https:\/\/chisinaucentru.md\/en\/wp-json\/wp\/v2\/posts\/65024\/revisions"}],"predecessor-version":[{"id":65055,"href":"https:\/\/chisinaucentru.md\/en\/wp-json\/wp\/v2\/posts\/65024\/revisions\/65055"}],"wp:featuredmedia":[{"embeddable":true,"href":"https:\/\/chisinaucentru.md\/en\/wp-json\/wp\/v2\/media\/65026"}],"wp:attachment":[{"href":"https:\/\/chisinaucentru.md\/en\/wp-json\/wp\/v2\/media?parent=65024"}],"wp:term":[{"taxonomy":"category","embeddable":true,"href":"https:\/\/chisinaucentru.md\/en\/wp-json\/wp\/v2\/categories?post=65024"},{"taxonomy":"post_tag","embeddable":true,"href":"https:\/\/chisinaucentru.md\/en\/wp-json\/wp\/v2\/tags?post=65024"}],"curies":[{"name":"wp","href":"https:\/\/api.w.org\/{rel}","templated":true}]}}