{"id":64995,"date":"2023-02-11T09:34:11","date_gmt":"2023-02-11T07:34:11","guid":{"rendered":"https:\/\/chisinaucentru.md\/?p=64995"},"modified":"2023-02-13T09:36:53","modified_gmt":"2023-02-13T07:36:53","slug":"in-memoriam-grigore-vieru","status":"publish","type":"post","link":"https:\/\/chisinaucentru.md\/en\/in-memoriam-grigore-vieru\/","title":{"rendered":"In memoriam Grigore Vieru"},"content":{"rendered":"<div class=\"vc_row wpb_row vc_row-fluid dt-default\" style=\"margin-top: 0px;margin-bottom: 0px\"><div class=\"wpb_column vc_column_container vc_col-sm-12\"><div class=\"vc_column-inner\"><div class=\"wpb_wrapper\">\n\t<div class=\"wpb_text_column wpb_content_element\" >\n\t\t<div class=\"wpb_wrapper\">\n\t\t\t<p align=\"justify\"><span style=\"color: #050505;\"><span style=\"font-family: Times New Roman, serif;\"><span style=\"font-size: large;\"><span lang=\"ro-MD\">La 14 februarie se \u00eemplinesc 88 de ani de la na\u0219terea marelui poet na\u021bional Grigore Vieru. Semnifica\u021bia momentului a constituit prilej de elogiere a crea\u021biei sale devenit\u0103 azi mai autentic\u0103 ca oric\u00e2nd. <\/span><\/span><\/span><\/span><\/p>\n<p align=\"justify\"><span style=\"color: #050505;\"><span style=\"font-family: Times New Roman, serif;\"><span style=\"font-size: large;\"><span lang=\"ro-MD\">Festivalul-concurs republican \u201eFloarea Omeniei\u201d dedicat operei lui Grigore Vieru, organizat de c\u0103tre Centrul de Excelen\u021b\u0103 \u00een Energetic\u0103 \u0219i Electronic\u0103 la 11 februarie 2023, \u0219i-a desemnat \u00eenving\u0103torii \u00een cadrul Galei Laurea\u021bilor, eveniment de reliefare a celor mai buni promotori de \u00eenalte valori literare prezentate \u00een 5 sec\u021biuni diferite. <\/span><\/span><\/span><\/span><\/p>\n<p align=\"justify\"><span style=\"color: #050505;\"><span style=\"font-family: Times New Roman, serif;\"><span style=\"font-size: large;\"><span lang=\"ro-MD\">Participan\u021bii institu\u021biilor de \u00eenv\u0103\u021b\u0103m\u00e2nt preuniversitar din sectorul Centru, de\u021bin\u0103tori de Locul I la 3 sec\u021biuni, au fost decerna\u021bi cu diplome de onoare \u0219i premii din partea Preturii sectorului Centru, pentru excelen\u021ba transpunerii lirice.<\/span><\/span><\/span><\/span><\/p>\n\n\t\t<\/div>\n\t<\/div>\n\n<div class=\"vc_grid-container-wrapper vc_clearfix vc_grid-animation-fadeIn\">\n\t<div class=\"vc_grid-container vc_clearfix wpb_content_element vc_media_grid\" data-initial-loading-animation=\"fadeIn\" data-vc-grid-settings=\"{&quot;page_id&quot;:64995,&quot;style&quot;:&quot;all&quot;,&quot;action&quot;:&quot;vc_get_vc_grid_data&quot;,&quot;shortcode_id&quot;:&quot;1676273750527-0568b247-0bf7-5&quot;,&quot;tag&quot;:&quot;vc_media_grid&quot;}\" data-vc-request=\"https:\/\/chisinaucentru.md\/wp-admin\/admin-ajax.php\" data-vc-post-id=\"64995\" data-vc-public-nonce=\"39ce34e9ee\">\n\t\t\n\t<\/div>\n<\/div><\/div><\/div><\/div><\/div>","protected":false},"excerpt":{"rendered":"<p>La 14 februarie se \u00eemplinesc 88 de ani de la na\u0219terea marelui poet na\u021bional Grigore Vieru. Semnifica\u021bia momentului a constituit prilej de elogiere a crea\u021biei sale devenit\u0103 azi mai autentic\u0103 ca oric\u00e2nd. Festivalul-concurs republican \u201eFloarea Omeniei\u201d dedicat operei lui Grigore Vieru, organizat de c\u0103tre Centrul de Excelen\u021b\u0103 \u00een Energetic\u0103 \u0219i Electronic\u0103 la 11 februarie 2023,&hellip;<\/p>","protected":false},"author":1,"featured_media":64997,"comment_status":"open","ping_status":"open","sticky":false,"template":"","format":"standard","meta":[],"categories":[244],"tags":[],"acf":[],"_links":{"self":[{"href":"https:\/\/chisinaucentru.md\/en\/wp-json\/wp\/v2\/posts\/64995"}],"collection":[{"href":"https:\/\/chisinaucentru.md\/en\/wp-json\/wp\/v2\/posts"}],"about":[{"href":"https:\/\/chisinaucentru.md\/en\/wp-json\/wp\/v2\/types\/post"}],"author":[{"embeddable":true,"href":"https:\/\/chisinaucentru.md\/en\/wp-json\/wp\/v2\/users\/1"}],"replies":[{"embeddable":true,"href":"https:\/\/chisinaucentru.md\/en\/wp-json\/wp\/v2\/comments?post=64995"}],"version-history":[{"count":3,"href":"https:\/\/chisinaucentru.md\/en\/wp-json\/wp\/v2\/posts\/64995\/revisions"}],"predecessor-version":[{"id":65010,"href":"https:\/\/chisinaucentru.md\/en\/wp-json\/wp\/v2\/posts\/64995\/revisions\/65010"}],"wp:featuredmedia":[{"embeddable":true,"href":"https:\/\/chisinaucentru.md\/en\/wp-json\/wp\/v2\/media\/64997"}],"wp:attachment":[{"href":"https:\/\/chisinaucentru.md\/en\/wp-json\/wp\/v2\/media?parent=64995"}],"wp:term":[{"taxonomy":"category","embeddable":true,"href":"https:\/\/chisinaucentru.md\/en\/wp-json\/wp\/v2\/categories?post=64995"},{"taxonomy":"post_tag","embeddable":true,"href":"https:\/\/chisinaucentru.md\/en\/wp-json\/wp\/v2\/tags?post=64995"}],"curies":[{"name":"wp","href":"https:\/\/api.w.org\/{rel}","templated":true}]}}