{"id":64710,"date":"2023-02-01T16:24:36","date_gmt":"2023-02-01T14:24:36","guid":{"rendered":"https:\/\/chisinaucentru.md\/?p=64710"},"modified":"2023-02-01T16:26:08","modified_gmt":"2023-02-01T14:26:08","slug":"domeniul-de-tineret-considerabil-mai-valorizat-in-2023","status":"publish","type":"post","link":"https:\/\/chisinaucentru.md\/en\/domeniul-de-tineret-considerabil-mai-valorizat-in-2023\/","title":{"rendered":"Domeniul de tineret considerabil mai valorizat \u00een 2023\u2028"},"content":{"rendered":"<div class=\"vc_row wpb_row vc_row-fluid dt-default\" style=\"margin-top: 0px;margin-bottom: 0px\"><div class=\"wpb_column vc_column_container vc_col-sm-12\"><div class=\"vc_column-inner\"><div class=\"wpb_wrapper\">\n\t<div class=\"wpb_text_column wpb_content_element\" >\n\t\t<div class=\"wpb_wrapper\">\n\t\t\t<p>Pretura sectorului Centru, recunosc\u00e2nd interesul \u00een dezvoltarea continu\u0103 a educa\u021biei \u0219i sectorului de tineret, a rela\u021biilor de colaborare cu societatea civil\u0103 a semnat la 1 februarie 2023 un Acord de parteneriat cu Asocia\u021bia Ob\u0219teasc\u0103 \u201eConsiliul Municipal de Tineret Chi\u0219in\u0103u\u201d.<br \/>\n\t\u00cen cadrul \u00eentrevederii dintre Pretorul sectorului Centru, Vadim H\u00eencu \u0219i reprezentan\u021bii Consiliului Local de Tineret Centru au fost abordate \u00een discu\u021bie viziunile comune ale p\u0103r\u021bilor Acordului privind organizarea \u0219i desf\u0103\u0219urarea viitoarelor activit\u0103\u021bi reciproc avantajoase.<\/p>\n\n\t\t<\/div>\n\t<\/div>\n\n<div class=\"vc_grid-container-wrapper vc_clearfix vc_grid-animation-fadeIn\">\n\t<div class=\"vc_grid-container vc_clearfix wpb_content_element vc_media_grid\" data-initial-loading-animation=\"fadeIn\" data-vc-grid-settings=\"{&quot;page_id&quot;:64710,&quot;style&quot;:&quot;all&quot;,&quot;action&quot;:&quot;vc_get_vc_grid_data&quot;,&quot;shortcode_id&quot;:&quot;1675261515443-3341a974-0320-7&quot;,&quot;tag&quot;:&quot;vc_media_grid&quot;}\" data-vc-request=\"https:\/\/chisinaucentru.md\/wp-admin\/admin-ajax.php\" data-vc-post-id=\"64710\" data-vc-public-nonce=\"71e3d605dc\">\n\t\t\n\t<\/div>\n<\/div><\/div><\/div><\/div><\/div>","protected":false},"excerpt":{"rendered":"<p>Pretura sectorului Centru, recunosc\u00e2nd interesul \u00een dezvoltarea continu\u0103 a educa\u021biei \u0219i sectorului de tineret, a rela\u021biilor de colaborare cu societatea civil\u0103 a semnat la 1 februarie 2023 un Acord de parteneriat cu Asocia\u021bia Ob\u0219teasc\u0103 \u201eConsiliul Municipal de Tineret Chi\u0219in\u0103u\u201d. \u00cen cadrul \u00eentrevederii dintre Pretorul sectorului Centru, Vadim H\u00eencu \u0219i reprezentan\u021bii Consiliului Local de Tineret Centru&hellip;<\/p>","protected":false},"author":1,"featured_media":64712,"comment_status":"open","ping_status":"open","sticky":false,"template":"","format":"standard","meta":[],"categories":[244],"tags":[],"acf":[],"_links":{"self":[{"href":"https:\/\/chisinaucentru.md\/en\/wp-json\/wp\/v2\/posts\/64710"}],"collection":[{"href":"https:\/\/chisinaucentru.md\/en\/wp-json\/wp\/v2\/posts"}],"about":[{"href":"https:\/\/chisinaucentru.md\/en\/wp-json\/wp\/v2\/types\/post"}],"author":[{"embeddable":true,"href":"https:\/\/chisinaucentru.md\/en\/wp-json\/wp\/v2\/users\/1"}],"replies":[{"embeddable":true,"href":"https:\/\/chisinaucentru.md\/en\/wp-json\/wp\/v2\/comments?post=64710"}],"version-history":[{"count":2,"href":"https:\/\/chisinaucentru.md\/en\/wp-json\/wp\/v2\/posts\/64710\/revisions"}],"predecessor-version":[{"id":64719,"href":"https:\/\/chisinaucentru.md\/en\/wp-json\/wp\/v2\/posts\/64710\/revisions\/64719"}],"wp:featuredmedia":[{"embeddable":true,"href":"https:\/\/chisinaucentru.md\/en\/wp-json\/wp\/v2\/media\/64712"}],"wp:attachment":[{"href":"https:\/\/chisinaucentru.md\/en\/wp-json\/wp\/v2\/media?parent=64710"}],"wp:term":[{"taxonomy":"category","embeddable":true,"href":"https:\/\/chisinaucentru.md\/en\/wp-json\/wp\/v2\/categories?post=64710"},{"taxonomy":"post_tag","embeddable":true,"href":"https:\/\/chisinaucentru.md\/en\/wp-json\/wp\/v2\/tags?post=64710"}],"curies":[{"name":"wp","href":"https:\/\/api.w.org\/{rel}","templated":true}]}}