{"id":62827,"date":"2022-11-16T14:46:54","date_gmt":"2022-11-16T12:46:54","guid":{"rendered":"https:\/\/chisinaucentru.md\/?p=62827"},"modified":"2022-11-16T14:53:18","modified_gmt":"2022-11-16T12:53:18","slug":"continua-actul-de-caritate-cantina-sociala","status":"publish","type":"post","link":"https:\/\/chisinaucentru.md\/en\/continua-actul-de-caritate-cantina-sociala\/","title":{"rendered":"Continu\u0103 actul de caritate-cantina social\u0103"},"content":{"rendered":"<div class=\"vc_row wpb_row vc_row-fluid dt-default\" style=\"margin-top: 0px;margin-bottom: 0px\"><div class=\"wpb_column vc_column_container vc_col-sm-12\"><div class=\"vc_column-inner\"><div class=\"wpb_wrapper\">\n\t<div class=\"wpb_text_column wpb_content_element\" >\n\t\t<div class=\"wpb_wrapper\">\n\t\t\t<p>Cantina social\u0103 \u201dMasa Bucuriei\u201d lansat\u0103 la ini\u021biativa pretorului sectorului Centru, Vadim H\u00eencu, a \u00eenseninat \u0219i azi fe\u021bele a 100 de persoane social-vulnerabile din sector, majoritatea din ei fiind b\u0103tr\u00e2nii no\u0219tri neajutora\u021bi \u0219i singuri.<\/p>\n<p>Persoanele care beneficiaz\u0103 de acest act de caritate exprim\u0103 pe chipul lor recuno\u0219tin\u021b\u0103 \u0219i lini\u0219te sufleteasc\u0103 pentru faptul c\u0103 cineva are grij\u0103 de ei.<\/p>\n\n\t\t<\/div>\n\t<\/div>\n\n<div class=\"vc_grid-container-wrapper vc_clearfix vc_grid-animation-fadeIn\">\n\t<div class=\"vc_grid-container vc_clearfix wpb_content_element vc_media_grid\" data-initial-loading-animation=\"fadeIn\" data-vc-grid-settings=\"{&quot;page_id&quot;:62827,&quot;style&quot;:&quot;all&quot;,&quot;action&quot;:&quot;vc_get_vc_grid_data&quot;,&quot;shortcode_id&quot;:&quot;1668602826200-b9d44eb2-5d25-7&quot;,&quot;tag&quot;:&quot;vc_media_grid&quot;}\" data-vc-request=\"https:\/\/chisinaucentru.md\/wp-admin\/admin-ajax.php\" data-vc-post-id=\"62827\" data-vc-public-nonce=\"39ce34e9ee\">\n\t\t\n\t<\/div>\n<\/div><\/div><\/div><\/div><\/div>","protected":false},"excerpt":{"rendered":"<p>Cantina social\u0103 \u201dMasa Bucuriei\u201d lansat\u0103 la ini\u021biativa pretorului sectorului Centru, Vadim H\u00eencu, a \u00eenseninat \u0219i azi fe\u021bele a 100 de persoane social-vulnerabile din sector, majoritatea din ei fiind b\u0103tr\u00e2nii no\u0219tri neajutora\u021bi \u0219i singuri. Persoanele care beneficiaz\u0103 de acest act de caritate exprim\u0103 pe chipul lor recuno\u0219tin\u021b\u0103 \u0219i lini\u0219te sufleteasc\u0103 pentru faptul c\u0103 cineva are grij\u0103&hellip;<\/p>","protected":false},"author":1,"featured_media":62829,"comment_status":"open","ping_status":"open","sticky":false,"template":"","format":"standard","meta":[],"categories":[244],"tags":[],"acf":[],"_links":{"self":[{"href":"https:\/\/chisinaucentru.md\/en\/wp-json\/wp\/v2\/posts\/62827"}],"collection":[{"href":"https:\/\/chisinaucentru.md\/en\/wp-json\/wp\/v2\/posts"}],"about":[{"href":"https:\/\/chisinaucentru.md\/en\/wp-json\/wp\/v2\/types\/post"}],"author":[{"embeddable":true,"href":"https:\/\/chisinaucentru.md\/en\/wp-json\/wp\/v2\/users\/1"}],"replies":[{"embeddable":true,"href":"https:\/\/chisinaucentru.md\/en\/wp-json\/wp\/v2\/comments?post=62827"}],"version-history":[{"count":3,"href":"https:\/\/chisinaucentru.md\/en\/wp-json\/wp\/v2\/posts\/62827\/revisions"}],"predecessor-version":[{"id":62845,"href":"https:\/\/chisinaucentru.md\/en\/wp-json\/wp\/v2\/posts\/62827\/revisions\/62845"}],"wp:featuredmedia":[{"embeddable":true,"href":"https:\/\/chisinaucentru.md\/en\/wp-json\/wp\/v2\/media\/62829"}],"wp:attachment":[{"href":"https:\/\/chisinaucentru.md\/en\/wp-json\/wp\/v2\/media?parent=62827"}],"wp:term":[{"taxonomy":"category","embeddable":true,"href":"https:\/\/chisinaucentru.md\/en\/wp-json\/wp\/v2\/categories?post=62827"},{"taxonomy":"post_tag","embeddable":true,"href":"https:\/\/chisinaucentru.md\/en\/wp-json\/wp\/v2\/tags?post=62827"}],"curies":[{"name":"wp","href":"https:\/\/api.w.org\/{rel}","templated":true}]}}