{"id":62760,"date":"2022-11-14T11:15:23","date_gmt":"2022-11-14T09:15:23","guid":{"rendered":"https:\/\/chisinaucentru.md\/?p=62760"},"modified":"2022-11-15T11:16:44","modified_gmt":"2022-11-15T09:16:44","slug":"este-momentul-potrivit-sa-vedem-oamenii-care-nu-ne-vad-pe-noi","status":"publish","type":"post","link":"https:\/\/chisinaucentru.md\/en\/este-momentul-potrivit-sa-vedem-oamenii-care-nu-ne-vad-pe-noi\/","title":{"rendered":"Este momentul potrivit s\u0103 vedem oamenii care nu ne v\u0103d pe noi"},"content":{"rendered":"<div class=\"vc_row wpb_row vc_row-fluid dt-default\" style=\"margin-top: 0px;margin-bottom: 0px\"><div class=\"wpb_column vc_column_container vc_col-sm-12\"><div class=\"vc_column-inner\"><div class=\"wpb_wrapper\">\n\t<div class=\"wpb_text_column wpb_content_element\" >\n\t\t<div class=\"wpb_wrapper\">\n\t\t\t<p>Ast\u0103zi ne-am \u00eendreptat aten\u021bia c\u0103tre persoanele cu deficien\u021be de vedere, \u00een contextul \u00een care ieri, 13 noiembrie, a fost marcat\u0103 Ziua Nev\u0103z\u0103torilor.<\/p>\n<p>Din numele administra\u021biei Preturii sectorului Centru aducem mesaje de \u00eencurajare \u0219i recuno\u0219tin\u021b\u0103 pentru puterea de a face fa\u021b\u0103 provoc\u0103rilor vie\u021bii persoanelor cu deficien\u021be de vedere.<\/p>\n<p>Pretorul sectorului Centru, Vadim H\u00eencu, a oferit colete cu produse alimentare \u0219i de prim\u0103 necesitate pentru 30 de persoane membri ai Asocia\u021biei de Nev\u0103z\u0103tori din Moldova.<\/p>\n<p>Marcarea acestei zile are ca obiectiv o mai bun\u0103 \u00een\u0163elegere \u00een ceea ce prive\u015fte problemele cu care se confrunt\u0103 persoanele cu deficien\u021be de vedere.<\/p>\n<p>S\u0103 ajut\u0103m din inim\u0103 oamenii care v\u0103d doar cu inima\u2026<\/p>\n\n\t\t<\/div>\n\t<\/div>\n\n<div class=\"vc_grid-container-wrapper vc_clearfix vc_grid-animation-fadeIn\">\n\t<div class=\"vc_grid-container vc_clearfix wpb_content_element vc_media_grid\" data-initial-loading-animation=\"fadeIn\" data-vc-grid-settings=\"{&quot;page_id&quot;:62760,&quot;style&quot;:&quot;all&quot;,&quot;action&quot;:&quot;vc_get_vc_grid_data&quot;,&quot;shortcode_id&quot;:&quot;1668503767091-ccec8b35-0c87-0&quot;,&quot;tag&quot;:&quot;vc_media_grid&quot;}\" data-vc-request=\"https:\/\/chisinaucentru.md\/wp-admin\/admin-ajax.php\" data-vc-post-id=\"62760\" data-vc-public-nonce=\"39ce34e9ee\">\n\t\t\n\t<\/div>\n<\/div><\/div><\/div><\/div><\/div>","protected":false},"excerpt":{"rendered":"<p>Ast\u0103zi ne-am \u00eendreptat aten\u021bia c\u0103tre persoanele cu deficien\u021be de vedere, \u00een contextul \u00een care ieri, 13 noiembrie, a fost marcat\u0103 Ziua Nev\u0103z\u0103torilor. Din numele administra\u021biei Preturii sectorului Centru aducem mesaje de \u00eencurajare \u0219i recuno\u0219tin\u021b\u0103 pentru puterea de a face fa\u021b\u0103 provoc\u0103rilor vie\u021bii persoanelor cu deficien\u021be de vedere. Pretorul sectorului Centru, Vadim H\u00eencu, a oferit colete&hellip;<\/p>","protected":false},"author":1,"featured_media":62762,"comment_status":"open","ping_status":"open","sticky":false,"template":"","format":"standard","meta":[],"categories":[244],"tags":[],"acf":[],"_links":{"self":[{"href":"https:\/\/chisinaucentru.md\/en\/wp-json\/wp\/v2\/posts\/62760"}],"collection":[{"href":"https:\/\/chisinaucentru.md\/en\/wp-json\/wp\/v2\/posts"}],"about":[{"href":"https:\/\/chisinaucentru.md\/en\/wp-json\/wp\/v2\/types\/post"}],"author":[{"embeddable":true,"href":"https:\/\/chisinaucentru.md\/en\/wp-json\/wp\/v2\/users\/1"}],"replies":[{"embeddable":true,"href":"https:\/\/chisinaucentru.md\/en\/wp-json\/wp\/v2\/comments?post=62760"}],"version-history":[{"count":3,"href":"https:\/\/chisinaucentru.md\/en\/wp-json\/wp\/v2\/posts\/62760\/revisions"}],"predecessor-version":[{"id":62771,"href":"https:\/\/chisinaucentru.md\/en\/wp-json\/wp\/v2\/posts\/62760\/revisions\/62771"}],"wp:featuredmedia":[{"embeddable":true,"href":"https:\/\/chisinaucentru.md\/en\/wp-json\/wp\/v2\/media\/62762"}],"wp:attachment":[{"href":"https:\/\/chisinaucentru.md\/en\/wp-json\/wp\/v2\/media?parent=62760"}],"wp:term":[{"taxonomy":"category","embeddable":true,"href":"https:\/\/chisinaucentru.md\/en\/wp-json\/wp\/v2\/categories?post=62760"},{"taxonomy":"post_tag","embeddable":true,"href":"https:\/\/chisinaucentru.md\/en\/wp-json\/wp\/v2\/tags?post=62760"}],"curies":[{"name":"wp","href":"https:\/\/api.w.org\/{rel}","templated":true}]}}