{"id":62573,"date":"2022-11-13T11:56:27","date_gmt":"2022-11-13T09:56:27","guid":{"rendered":"https:\/\/chisinaucentru.md\/?p=62573"},"modified":"2022-11-14T12:02:05","modified_gmt":"2022-11-14T10:02:05","slug":"in-a-doua-duminca-a-lunii-noiembrie-sarbatorim-ziua-nationala-a-tineretului","status":"publish","type":"post","link":"https:\/\/chisinaucentru.md\/en\/in-a-doua-duminca-a-lunii-noiembrie-sarbatorim-ziua-nationala-a-tineretului\/","title":{"rendered":"\u00cen a doua duminc\u0103 a lunii noiembrie, s\u0103rb\u0103torim Ziua Na\u021bional\u0103 a Tineretului"},"content":{"rendered":"<p>\u00cen conformitate cu prevederile Hot\u0103r\u00e2rii Guvernului nr. 552 din 07.10.1996, \u00een Republica Moldova, \u00een a doua duminic\u0103 a lunii noiembrie este marcat\u0103 , &#8222;Ziua Na\u021bional\u0103 a Tineretului&#8221;.<\/p>\n<p>\tFelicit\u0103m to\u021bi tinerii, \u00een special ai sectorului Centru, care particip\u0103 cu receptivitate la majoritatea activit\u0103\u021bilor organizate de Pretura sectorului Centru. Suntem bucuro\u0219i de parteneriatele pe care le avem cu numeroase organiza\u021bii de tineret, \u00eencheiate prin acorduri de colaborare \u0219i \u0219tim c\u0103 vom avea mereu sus\u021binerea \u0219i implicarea Voastr\u0103. La fel \u0219i administra\u021bia public\u0103 local\u0103, la r\u00e2ndul s\u0103u, are ca punct prioritar dezvoltarea sectorului de tineret, deoarece t\u00e2n\u0103ra genera\u021bie este resursa cea mai valoroas\u0103 a \u021b\u0103rii noastre.<\/p>\n<p>\tTinerii sunt de neoprit atunci c\u00e2nd au un scop, de aceea, indiferent de orice, alimenta\u021bi acea energie care v\u0103 men\u021bine entuziasmul!<br \/>\nInvesti\u021bi \u00een educa\u021bie, cuno\u0219tin\u021be \u0219i experien\u021be, crea\u021bi, implica\u021bi-v\u0103 \u00een activit\u0103\u021bi care v\u0103 aduc pl\u0103cere, fi\u021bi curio\u0219i \u0219i pasiona\u021bi de lucrurile care v\u0103 aduc \u00eemplinire.<br \/>\n\u0218i nu uita\u021bi c\u0103 e firesc s\u0103 gre\u0219e\u0219ti uneori, dar e \u00een\u0103l\u021b\u0103tor s\u0103 mai \u00eencerci odat\u0103 \u0219i s\u0103 reu\u0219e\u0219ti! <\/p>\n<p>\tSunte\u021bi ni\u0219te super-eroi, iar noi credem \u00een voi!<br \/>\n\tYOU ROCK!<\/p>","protected":false},"excerpt":{"rendered":"<p>\u00cen conformitate cu prevederile Hot\u0103r\u00e2rii Guvernului nr. 552 din 07.10.1996, \u00een Republica Moldova, \u00een a doua duminic\u0103 a lunii noiembrie este marcat\u0103 , &#8222;Ziua Na\u021bional\u0103 a Tineretului&#8221;. Felicit\u0103m to\u021bi tinerii, \u00een special ai sectorului Centru, care particip\u0103 cu receptivitate la majoritatea activit\u0103\u021bilor organizate de Pretura sectorului Centru. Suntem bucuro\u0219i de parteneriatele pe care le avem&hellip;<\/p>","protected":false},"author":1,"featured_media":62574,"comment_status":"open","ping_status":"open","sticky":false,"template":"","format":"standard","meta":[],"categories":[244],"tags":[],"acf":[],"_links":{"self":[{"href":"https:\/\/chisinaucentru.md\/en\/wp-json\/wp\/v2\/posts\/62573"}],"collection":[{"href":"https:\/\/chisinaucentru.md\/en\/wp-json\/wp\/v2\/posts"}],"about":[{"href":"https:\/\/chisinaucentru.md\/en\/wp-json\/wp\/v2\/types\/post"}],"author":[{"embeddable":true,"href":"https:\/\/chisinaucentru.md\/en\/wp-json\/wp\/v2\/users\/1"}],"replies":[{"embeddable":true,"href":"https:\/\/chisinaucentru.md\/en\/wp-json\/wp\/v2\/comments?post=62573"}],"version-history":[{"count":1,"href":"https:\/\/chisinaucentru.md\/en\/wp-json\/wp\/v2\/posts\/62573\/revisions"}],"predecessor-version":[{"id":62575,"href":"https:\/\/chisinaucentru.md\/en\/wp-json\/wp\/v2\/posts\/62573\/revisions\/62575"}],"wp:featuredmedia":[{"embeddable":true,"href":"https:\/\/chisinaucentru.md\/en\/wp-json\/wp\/v2\/media\/62574"}],"wp:attachment":[{"href":"https:\/\/chisinaucentru.md\/en\/wp-json\/wp\/v2\/media?parent=62573"}],"wp:term":[{"taxonomy":"category","embeddable":true,"href":"https:\/\/chisinaucentru.md\/en\/wp-json\/wp\/v2\/categories?post=62573"},{"taxonomy":"post_tag","embeddable":true,"href":"https:\/\/chisinaucentru.md\/en\/wp-json\/wp\/v2\/tags?post=62573"}],"curies":[{"name":"wp","href":"https:\/\/api.w.org\/{rel}","templated":true}]}}