{"id":62328,"date":"2022-10-28T12:13:41","date_gmt":"2022-10-28T09:13:41","guid":{"rendered":"https:\/\/chisinaucentru.md\/?p=62328"},"modified":"2022-11-01T12:16:22","modified_gmt":"2022-11-01T10:16:22","slug":"studenti-implicati-in-campania-de-salubrizare-de-toamna","status":"publish","type":"post","link":"https:\/\/chisinaucentru.md\/en\/studenti-implicati-in-campania-de-salubrizare-de-toamna\/","title":{"rendered":"Studen\u021bi implica\u021bi \u00een campania de salubrizare de toamn\u0103"},"content":{"rendered":"<div class=\"vc_row wpb_row vc_row-fluid dt-default\" style=\"margin-top: 0px;margin-bottom: 0px\"><div class=\"wpb_column vc_column_container vc_col-sm-12\"><div class=\"vc_column-inner\"><div class=\"wpb_wrapper\">\n\t<div class=\"wpb_text_column wpb_content_element\" >\n\t\t<div class=\"wpb_wrapper\">\n\t\t\t<p>Remediu pentru mediu! \u00cen continuarea ac\u021biunilor de cur\u0103\u021benie de toamn\u0103 conform planului de ac\u021biuni elaborat privind lucr\u0103rile de amenajare, salubrizare \u0219i evacuare a frunzi\u0219ului de pe teritoriul sectorului Centru \u00een perioada 12.09.2022-30.11.2022 \u00een baza dispozi\u021biei viceprimarului nr. 410-d din 09.09.2022 \u201eCu privire la organizarea campaniei de salubrizare de toamn\u0103 \u00een municipiul Chi\u0219in\u0103u\u201d, la 28 octombrie 2022, Pretura sectorului Centru de comun cu 50 de studen\u021bi de la Universitatea Cooperatist-Comercial\u0103 din Moldova a realizat ecologizarea spa\u021biului public, a zonelor verzi de pe bulevardul Iuri Gagarin.<\/p>\n<p>Mul\u021bumim tinerilor voluntari care dau dovad\u0103 de cultur\u0103 ecologic\u0103 prin dorin\u021ba de a se implica deschis \u00een asemenea activit\u0103\u021bi de promovare a conserv\u0103rii biodiversit\u0103\u021bii. Cu suportul lor a fost posibil\u0103 colectarea urmelor factorului uman- a de\u0219eurilor, astfel \u00eenc\u00e2t teritoriul unde s-a lucrat ast\u0103zi a r\u0103mas curat \u0219i igienizat.<\/p>\n<p>V\u0103 amintim c\u0103 marea cur\u0103\u0163enie de toamn\u0103 va dura p\u00e2n\u0103 la sf\u00e2r\u015fitul lunii noiembrie.<\/p>\n<p>\u00cendemn\u0103m to\u0163i chi\u015fin\u0103uienii, agen\u0163ii economici, conduc\u0103torii institu\u0163iilor publice s\u0103 amenajeze teritoriile adiacente imobilelor pe care le de\u0163in sau \u00ee\u015fi desf\u0103\u015foar\u0103 activitatea.<\/p>\n\n\t\t<\/div>\n\t<\/div>\n\n<div class=\"vc_grid-container-wrapper vc_clearfix vc_grid-animation-fadeIn\">\n\t<div class=\"vc_grid-container vc_clearfix wpb_content_element vc_media_grid\" data-initial-loading-animation=\"fadeIn\" data-vc-grid-settings=\"{&quot;page_id&quot;:62328,&quot;style&quot;:&quot;all&quot;,&quot;action&quot;:&quot;vc_get_vc_grid_data&quot;,&quot;shortcode_id&quot;:&quot;1667297705345-c4202988-b6bc-6&quot;,&quot;tag&quot;:&quot;vc_media_grid&quot;}\" data-vc-request=\"https:\/\/chisinaucentru.md\/wp-admin\/admin-ajax.php\" data-vc-post-id=\"62328\" data-vc-public-nonce=\"39ce34e9ee\">\n\t\t\n\t<\/div>\n<\/div><\/div><\/div><\/div><\/div>","protected":false},"excerpt":{"rendered":"<p>Remediu pentru mediu! \u00cen continuarea ac\u021biunilor de cur\u0103\u021benie de toamn\u0103 conform planului de ac\u021biuni elaborat privind lucr\u0103rile de amenajare, salubrizare \u0219i evacuare a frunzi\u0219ului de pe teritoriul sectorului Centru \u00een perioada 12.09.2022-30.11.2022 \u00een baza dispozi\u021biei viceprimarului nr. 410-d din 09.09.2022 \u201eCu privire la organizarea campaniei de salubrizare de toamn\u0103 \u00een municipiul Chi\u0219in\u0103u\u201d, la 28 octombrie&hellip;<\/p>","protected":false},"author":1,"featured_media":62330,"comment_status":"open","ping_status":"open","sticky":false,"template":"","format":"standard","meta":[],"categories":[244],"tags":[],"acf":[],"_links":{"self":[{"href":"https:\/\/chisinaucentru.md\/en\/wp-json\/wp\/v2\/posts\/62328"}],"collection":[{"href":"https:\/\/chisinaucentru.md\/en\/wp-json\/wp\/v2\/posts"}],"about":[{"href":"https:\/\/chisinaucentru.md\/en\/wp-json\/wp\/v2\/types\/post"}],"author":[{"embeddable":true,"href":"https:\/\/chisinaucentru.md\/en\/wp-json\/wp\/v2\/users\/1"}],"replies":[{"embeddable":true,"href":"https:\/\/chisinaucentru.md\/en\/wp-json\/wp\/v2\/comments?post=62328"}],"version-history":[{"count":3,"href":"https:\/\/chisinaucentru.md\/en\/wp-json\/wp\/v2\/posts\/62328\/revisions"}],"predecessor-version":[{"id":62350,"href":"https:\/\/chisinaucentru.md\/en\/wp-json\/wp\/v2\/posts\/62328\/revisions\/62350"}],"wp:featuredmedia":[{"embeddable":true,"href":"https:\/\/chisinaucentru.md\/en\/wp-json\/wp\/v2\/media\/62330"}],"wp:attachment":[{"href":"https:\/\/chisinaucentru.md\/en\/wp-json\/wp\/v2\/media?parent=62328"}],"wp:term":[{"taxonomy":"category","embeddable":true,"href":"https:\/\/chisinaucentru.md\/en\/wp-json\/wp\/v2\/categories?post=62328"},{"taxonomy":"post_tag","embeddable":true,"href":"https:\/\/chisinaucentru.md\/en\/wp-json\/wp\/v2\/tags?post=62328"}],"curies":[{"name":"wp","href":"https:\/\/api.w.org\/{rel}","templated":true}]}}