{"id":60975,"date":"2022-09-03T11:15:44","date_gmt":"2022-09-03T08:15:44","guid":{"rendered":"https:\/\/chisinaucentru.md\/?p=60975"},"modified":"2022-09-07T11:16:59","modified_gmt":"2022-09-07T08:16:59","slug":"biblioteca-adam-mickiewicz-promoveaza-opera-literara-poloneza-in-cadrul-campaniei-nationale-de-lectura","status":"publish","type":"post","link":"https:\/\/chisinaucentru.md\/en\/biblioteca-adam-mickiewicz-promoveaza-opera-literara-poloneza-in-cadrul-campaniei-nationale-de-lectura\/","title":{"rendered":"Biblioteca Adam Mickiewicz promoveaz\u0103 opera literar\u0103 polonez\u0103 \u00een cadrul Campaniei Na\u021bionale de Lectur\u0103"},"content":{"rendered":"<div class=\"vc_row wpb_row vc_row-fluid dt-default\" style=\"margin-top: 0px;margin-bottom: 0px\"><div class=\"wpb_column vc_column_container vc_col-sm-12\"><div class=\"vc_column-inner\"><div class=\"wpb_wrapper\">\n\t<div class=\"wpb_text_column wpb_content_element\" >\n\t\t<div class=\"wpb_wrapper\">\n\t\t\t<p>\u00cen cadrul Campaniei Na\u021bionale de Lectur\u0103 \u00een Polonia, s\u00e2mb\u0103t\u0103, 03 septembrie 2022, la Biblioteca Adam Mickiewicz din sectorul Centru, a avut loc ac\u021biunea de lectur\u0103 comun\u0103 a c\u0103r\u021bii \u201eBalade \u0219i roman\u021be\u201d, de Adam Mickiewicz, volum care, anul curent, \u00eempline\u0219te 200 de ani de la publicare.<br \/>\n\tPretorul sectorului Centru, Vadim H\u00eencu, cu mare drag, a acceptat invita\u021bia de a lectura public Balada lui Adam Mickiewicz al\u0103turi de dl Ambasador al Poloniei la Chi\u0219in\u0103u &#8211; Tomasz Kobzdej, precum \u0219i reprezentan\u021bi ai organiza\u021biilor poloneze din Republica Moldova, parteneri \u0219i beneficiari ai bibliotecii.<br \/>\n\tCampania na\u021bional\u0103 de lectur\u0103, este organizat\u0103 \u00eencep\u00e2nd cu anul 2012 la ini\u021biativa Pre\u0219edintelui Republicii Polone \u0219i are loc anual sub patronajul acestuia.<br \/>\n\tAmintim c\u0103 opera \u201eBalade \u0219i roman\u021be\u201d a fost publicat\u0103 \u00een iunie 1822 la Vilnius, ca parte principal\u0103 a primului volum din poeziile lui Adam Mickiewicz. Scris\u0103 \u00een anii 1819\u20131821, seria de poezii a marcat \u00eenceputul istoriei poeziei romantice \u00een Polonia, devenind unul dintre cele mai importante puncte de referin\u021b\u0103 pentru nou\u0103 er\u0103. Este o colec\u021bie inovatoare \u0219i original\u0103, \u00een acela\u0219i timp, captivant\u0103 prin stilul s\u0103u natural \u0219i simplitatea limbajului. Poeziile arat\u0103 posibilit\u0103\u021bile largi de scriere ale acestui autor remarcabil, care, pe fundalul naturii atmosferice, a creat o lume fascinant\u0103 \u0219i unic\u0103, plin\u0103 de emotivitate, fantezie \u0219i moralitate popular\u0103.<\/p>\n\n\t\t<\/div>\n\t<\/div>\n\n<div class=\"vc_grid-container-wrapper vc_clearfix vc_grid-animation-fadeIn\">\n\t<div class=\"vc_grid-container vc_clearfix wpb_content_element vc_media_grid\" data-initial-loading-animation=\"fadeIn\" data-vc-grid-settings=\"{&quot;page_id&quot;:60975,&quot;style&quot;:&quot;all&quot;,&quot;action&quot;:&quot;vc_get_vc_grid_data&quot;,&quot;shortcode_id&quot;:&quot;1662538570618-94918e2e-d35b-2&quot;,&quot;tag&quot;:&quot;vc_media_grid&quot;}\" data-vc-request=\"https:\/\/chisinaucentru.md\/wp-admin\/admin-ajax.php\" data-vc-post-id=\"60975\" data-vc-public-nonce=\"39ce34e9ee\">\n\t\t\n\t<\/div>\n<\/div><\/div><\/div><\/div><\/div>","protected":false},"excerpt":{"rendered":"<p>\u00cen cadrul Campaniei Na\u021bionale de Lectur\u0103 \u00een Polonia, s\u00e2mb\u0103t\u0103, 03 septembrie 2022, la Biblioteca Adam Mickiewicz din sectorul Centru, a avut loc ac\u021biunea de lectur\u0103 comun\u0103 a c\u0103r\u021bii \u201eBalade \u0219i roman\u021be\u201d, de Adam Mickiewicz, volum care, anul curent, \u00eempline\u0219te 200 de ani de la publicare. Pretorul sectorului Centru, Vadim H\u00eencu, cu mare drag, a acceptat&hellip;<\/p>","protected":false},"author":1,"featured_media":60976,"comment_status":"open","ping_status":"open","sticky":false,"template":"","format":"standard","meta":[],"categories":[244],"tags":[],"acf":[],"_links":{"self":[{"href":"https:\/\/chisinaucentru.md\/en\/wp-json\/wp\/v2\/posts\/60975"}],"collection":[{"href":"https:\/\/chisinaucentru.md\/en\/wp-json\/wp\/v2\/posts"}],"about":[{"href":"https:\/\/chisinaucentru.md\/en\/wp-json\/wp\/v2\/types\/post"}],"author":[{"embeddable":true,"href":"https:\/\/chisinaucentru.md\/en\/wp-json\/wp\/v2\/users\/1"}],"replies":[{"embeddable":true,"href":"https:\/\/chisinaucentru.md\/en\/wp-json\/wp\/v2\/comments?post=60975"}],"version-history":[{"count":1,"href":"https:\/\/chisinaucentru.md\/en\/wp-json\/wp\/v2\/posts\/60975\/revisions"}],"predecessor-version":[{"id":60983,"href":"https:\/\/chisinaucentru.md\/en\/wp-json\/wp\/v2\/posts\/60975\/revisions\/60983"}],"wp:featuredmedia":[{"embeddable":true,"href":"https:\/\/chisinaucentru.md\/en\/wp-json\/wp\/v2\/media\/60976"}],"wp:attachment":[{"href":"https:\/\/chisinaucentru.md\/en\/wp-json\/wp\/v2\/media?parent=60975"}],"wp:term":[{"taxonomy":"category","embeddable":true,"href":"https:\/\/chisinaucentru.md\/en\/wp-json\/wp\/v2\/categories?post=60975"},{"taxonomy":"post_tag","embeddable":true,"href":"https:\/\/chisinaucentru.md\/en\/wp-json\/wp\/v2\/tags?post=60975"}],"curies":[{"name":"wp","href":"https:\/\/api.w.org\/{rel}","templated":true}]}}