{"id":60961,"date":"2022-08-27T10:34:54","date_gmt":"2022-08-27T07:34:54","guid":{"rendered":"https:\/\/chisinaucentru.md\/?p=60961"},"modified":"2022-08-29T10:35:42","modified_gmt":"2022-08-29T07:35:42","slug":"31-de-ani-de-independenta","status":"publish","type":"post","link":"https:\/\/chisinaucentru.md\/en\/31-de-ani-de-independenta\/","title":{"rendered":"31 de ani de Independen\u021b\u0103!"},"content":{"rendered":"<p>\tMultstima\u021bi concet\u0103\u021beni!<br \/>\n\tGra\u021bie solidarit\u0103\u021bii \u0219i dorin\u021bei \u00eenver\u0219unate a poporului nostru de a-\u0219i f\u0103uri propriul destin \u0219i de a fi st\u0103p\u00e2n pe soarta sa, anual, la data de 27 august, ne bucur\u0103m de s\u0103rb\u0103toarea noastr\u0103 na\u021bional\u0103 &#8211; Ziua Independen\u021bei.<br \/>\nProvoc\u0103rile din an \u00een an sunt tot mai mari \u0219i tot mai grele, dar este important s\u0103 putem s\u0103 \u00eenv\u0103\u021b\u0103m din gre\u0219elile trecutului \u0219i s\u0103 privim cu \u00eencredere \u00een viitor! S\u0103 ne cultiv\u0103m con\u0219tiin\u021ba na\u021bional\u0103, s\u0103 fim uni\u021bi \u015fi s\u0103 ne bucur\u0103m c\u0103 avem o bucat\u0103 de p\u0103m\u00e2nt pe care ne vom sim\u021bi oric\u00e2nd acas\u0103.<br \/>\n\t\u0162ara suntem noi \u015fi faptele noastre! Noi decidem cum va fi scris\u0103 istoria \u015fi cum va ar\u0103ta viitorul.<br \/>\n\tZiua de 27 august trebuie s\u0103 ne uneasc\u0103 \u0219i s\u0103 ne consolideze \u00een jurul unui ideal frumos de libertate, \u00een dorin\u021ba comun\u0103 de a avea un destin mai bun. Un destin pe care s\u0103-l accept\u0103m \u0219i pe care s\u0103 fim mereu gata s\u0103-l ap\u0103r\u0103m, c\u0103ci calea spre democra\u021bie presupune munc\u0103 asidu\u0103, perseveren\u021b\u0103, sacrificiu \u0219i un sentiment profund de solidaritate. \tAsum\u00e2ndu-ne aceste calit\u0103\u021bi, noi vom reu\u0219i s\u0103 facem fa\u021b\u0103 provoc\u0103rilor timpului, s\u0103 le transform\u0103m \u00een oportunit\u0103\u021bi \u0219i s\u0103 contribuim plenar la dezvoltarea \u021b\u0103rii.<br \/>\n\t\u00cen speran\u021ba c\u0103 vom tinde sincer s\u0103 realiz\u0103m aceste inten\u021bii nobile, \u00een numele Preturii sectorului Centru v\u0103 felicit\u0103m cu prilejul Zilei Independen\u021bei.<br \/>\n\tS\u0103 ne iubim \u021bara!<\/p>","protected":false},"excerpt":{"rendered":"<p>Multstima\u021bi concet\u0103\u021beni! Gra\u021bie solidarit\u0103\u021bii \u0219i dorin\u021bei \u00eenver\u0219unate a poporului nostru de a-\u0219i f\u0103uri propriul destin \u0219i de a fi st\u0103p\u00e2n pe soarta sa, anual, la data de 27 august, ne bucur\u0103m de s\u0103rb\u0103toarea noastr\u0103 na\u021bional\u0103 &#8211; Ziua Independen\u021bei. Provoc\u0103rile din an \u00een an sunt tot mai mari \u0219i tot mai grele, dar este important s\u0103&hellip;<\/p>","protected":false},"author":1,"featured_media":60962,"comment_status":"open","ping_status":"open","sticky":false,"template":"","format":"standard","meta":[],"categories":[244],"tags":[],"acf":[],"_links":{"self":[{"href":"https:\/\/chisinaucentru.md\/en\/wp-json\/wp\/v2\/posts\/60961"}],"collection":[{"href":"https:\/\/chisinaucentru.md\/en\/wp-json\/wp\/v2\/posts"}],"about":[{"href":"https:\/\/chisinaucentru.md\/en\/wp-json\/wp\/v2\/types\/post"}],"author":[{"embeddable":true,"href":"https:\/\/chisinaucentru.md\/en\/wp-json\/wp\/v2\/users\/1"}],"replies":[{"embeddable":true,"href":"https:\/\/chisinaucentru.md\/en\/wp-json\/wp\/v2\/comments?post=60961"}],"version-history":[{"count":1,"href":"https:\/\/chisinaucentru.md\/en\/wp-json\/wp\/v2\/posts\/60961\/revisions"}],"predecessor-version":[{"id":60963,"href":"https:\/\/chisinaucentru.md\/en\/wp-json\/wp\/v2\/posts\/60961\/revisions\/60963"}],"wp:featuredmedia":[{"embeddable":true,"href":"https:\/\/chisinaucentru.md\/en\/wp-json\/wp\/v2\/media\/60962"}],"wp:attachment":[{"href":"https:\/\/chisinaucentru.md\/en\/wp-json\/wp\/v2\/media?parent=60961"}],"wp:term":[{"taxonomy":"category","embeddable":true,"href":"https:\/\/chisinaucentru.md\/en\/wp-json\/wp\/v2\/categories?post=60961"},{"taxonomy":"post_tag","embeddable":true,"href":"https:\/\/chisinaucentru.md\/en\/wp-json\/wp\/v2\/tags?post=60961"}],"curies":[{"name":"wp","href":"https:\/\/api.w.org\/{rel}","templated":true}]}}