{"id":60134,"date":"2022-06-25T08:11:19","date_gmt":"2022-06-25T08:11:19","guid":{"rendered":"https:\/\/chisinaucentru.md\/?p=60134"},"modified":"2022-06-27T08:17:27","modified_gmt":"2022-06-27T08:17:27","slug":"sezatoarea-sanzienelor-s-a-desfasurat-inca-o-manifestare-culturala-din-proiectul-de-weekend-dialog-cultural-cu-chisinauenii","status":"publish","type":"post","link":"https:\/\/chisinaucentru.md\/en\/sezatoarea-sanzienelor-s-a-desfasurat-inca-o-manifestare-culturala-din-proiectul-de-weekend-dialog-cultural-cu-chisinauenii\/","title":{"rendered":"\u201c\u0218ez\u0103toarea S\u00e2nzienelor\u201d, s-a desf\u0103\u0219urat \u00eenc\u0103 o manifestare cultural\u0103 din proiectul de weekend \u201dDialog cultural cu chi\u0219in\u0103uenii\u201d"},"content":{"rendered":"<div class=\"vc_row wpb_row vc_row-fluid dt-default\" style=\"margin-top: 0px;margin-bottom: 0px\"><div class=\"wpb_column vc_column_container vc_col-sm-12\"><div class=\"vc_column-inner\"><div class=\"wpb_wrapper\">\n\t<div class=\"wpb_text_column wpb_content_element\" >\n\t\t<div class=\"wpb_wrapper\">\n\t\t\t<p>Scuarul Mihai Eminescu a fost la 25 iunie un spa\u021biu cultural- artistic fascinant, datorit\u0103 desf\u0103\u0219ur\u0103rii dialogului cultural cu chi\u0219in\u0103uenii, proiect de weekend ini\u021biat de Prim\u0103ria municipiului Chi\u0219in\u0103u.<\/p>\n<p>Pretura sectorului Centru de comun cu CCCT \u201cFloarea Soarelui\u201d \u0219i \u201cPolitehnic\u201d au reu\u0219it s\u0103 opreasc\u0103 trec\u0103torii pentru a viziona spectacolul de muzic\u0103 tradi\u021bional\u0103 preg\u0103tit de tinerii arti\u0219ti amatori. Evenimenul a culminat cu parada coroni\u021belor de p\u0103r confec\u021bionate din flori.<\/p>\n\n\t\t<\/div>\n\t<\/div>\n\n<div class=\"vc_grid-container-wrapper vc_clearfix vc_grid-animation-fadeIn\">\n\t<div class=\"vc_grid-container vc_clearfix wpb_content_element vc_media_grid\" data-initial-loading-animation=\"fadeIn\" data-vc-grid-settings=\"{&quot;page_id&quot;:60134,&quot;style&quot;:&quot;all&quot;,&quot;action&quot;:&quot;vc_get_vc_grid_data&quot;,&quot;shortcode_id&quot;:&quot;1656317522870-db2552eb-537a-0&quot;,&quot;tag&quot;:&quot;vc_media_grid&quot;}\" data-vc-request=\"https:\/\/chisinaucentru.md\/wp-admin\/admin-ajax.php\" data-vc-post-id=\"60134\" data-vc-public-nonce=\"39ce34e9ee\">\n\t\t\n\t<\/div>\n<\/div><\/div><\/div><\/div><\/div>","protected":false},"excerpt":{"rendered":"<p>Scuarul Mihai Eminescu a fost la 25 iunie un spa\u021biu cultural- artistic fascinant, datorit\u0103 desf\u0103\u0219ur\u0103rii dialogului cultural cu chi\u0219in\u0103uenii, proiect de weekend ini\u021biat de Prim\u0103ria municipiului Chi\u0219in\u0103u. Pretura sectorului Centru de comun cu CCCT \u201cFloarea Soarelui\u201d \u0219i \u201cPolitehnic\u201d au reu\u0219it s\u0103 opreasc\u0103 trec\u0103torii pentru a viziona spectacolul de muzic\u0103 tradi\u021bional\u0103 preg\u0103tit de tinerii arti\u0219ti amatori.&hellip;<\/p>","protected":false},"author":1,"featured_media":60135,"comment_status":"open","ping_status":"open","sticky":false,"template":"","format":"standard","meta":[],"categories":[244],"tags":[],"acf":[],"_links":{"self":[{"href":"https:\/\/chisinaucentru.md\/en\/wp-json\/wp\/v2\/posts\/60134"}],"collection":[{"href":"https:\/\/chisinaucentru.md\/en\/wp-json\/wp\/v2\/posts"}],"about":[{"href":"https:\/\/chisinaucentru.md\/en\/wp-json\/wp\/v2\/types\/post"}],"author":[{"embeddable":true,"href":"https:\/\/chisinaucentru.md\/en\/wp-json\/wp\/v2\/users\/1"}],"replies":[{"embeddable":true,"href":"https:\/\/chisinaucentru.md\/en\/wp-json\/wp\/v2\/comments?post=60134"}],"version-history":[{"count":1,"href":"https:\/\/chisinaucentru.md\/en\/wp-json\/wp\/v2\/posts\/60134\/revisions"}],"predecessor-version":[{"id":60194,"href":"https:\/\/chisinaucentru.md\/en\/wp-json\/wp\/v2\/posts\/60134\/revisions\/60194"}],"wp:featuredmedia":[{"embeddable":true,"href":"https:\/\/chisinaucentru.md\/en\/wp-json\/wp\/v2\/media\/60135"}],"wp:attachment":[{"href":"https:\/\/chisinaucentru.md\/en\/wp-json\/wp\/v2\/media?parent=60134"}],"wp:term":[{"taxonomy":"category","embeddable":true,"href":"https:\/\/chisinaucentru.md\/en\/wp-json\/wp\/v2\/categories?post=60134"},{"taxonomy":"post_tag","embeddable":true,"href":"https:\/\/chisinaucentru.md\/en\/wp-json\/wp\/v2\/tags?post=60134"}],"curies":[{"name":"wp","href":"https:\/\/api.w.org\/{rel}","templated":true}]}}