{"id":59804,"date":"2022-06-18T10:57:11","date_gmt":"2022-06-18T10:57:11","guid":{"rendered":"https:\/\/chisinaucentru.md\/?p=59804"},"modified":"2022-06-20T11:05:35","modified_gmt":"2022-06-20T11:05:35","slug":"luna-lui-ciresar-urmatoarea-activitate-din-calendarul-proiectului-de-weekend-dialog-cultural-cu-chisinauenii","status":"publish","type":"post","link":"https:\/\/chisinaucentru.md\/en\/luna-lui-ciresar-urmatoarea-activitate-din-calendarul-proiectului-de-weekend-dialog-cultural-cu-chisinauenii\/","title":{"rendered":"Luna lui Cire\u0219ar- urm\u0103toarea activitate din calendarul proiectului de weekend \u201dDialog cultural cu chi\u0219in\u0103uenii\u201d"},"content":{"rendered":"<div class=\"vc_row wpb_row vc_row-fluid dt-default\" style=\"margin-top: 0px;margin-bottom: 0px\"><div class=\"wpb_column vc_column_container vc_col-sm-12\"><div class=\"vc_column-inner\"><div class=\"wpb_wrapper\">\n\t<div class=\"wpb_text_column wpb_content_element\" >\n\t\t<div class=\"wpb_wrapper\">\n\t\t\t<p>Ast\u0103zi, 18 iunie, \u00eencep\u00e2nd cu ora 11:00 a demarat urm\u0103toarea activitate din calendarul proiectului \u201cDialog cultural cu chi\u0219in\u0103uenii\u201d, proiect ini\u021biat de c\u0103tre Prim\u0103ria municipiului Chi\u0219in\u0103u, care presupune organizarea \u00een municipiul Chi\u0219in\u0103u a manifest\u0103rilor cultural-artistice \u00een fiecare weekend al lunii iunie.<\/p>\n<p>La sc\u0103rile de granit din Parcul Valea Morilor, a fost o adev\u0103rat\u0103 distrac\u021bie, denumit\u0103 \u201eLuna lui Cire\u0219ar\u201d, activitate recreativ\u0103 at\u00e2t pentru cei micu\u021bi, c\u00e2t \u0219i pentru adul\u021bi desigur, datorit\u0103 programului amplu organizat \u0219i desf\u0103\u0219urat de c\u0103tre Sec\u021bia Cultur\u0103, Tineret, Sport a Preturii sectorului Centru \u00een colaborare cu Centrul de crea\u021bie pentru copii \u0219i tineret \u201eFloarea Soarelui\u201d \u0219i Centru de crea\u021bie pentru copii \u0219i adolescen\u021bi \u201ePolitehnic\u201d. Participan\u021bii au prezentat spectatorilor un program de concert bogat \u00een coregrafie, muzic\u0103, diverse master class-uri la modelaj, confec\u021bie manual\u0103, dar \u0219i tehnici de dans modern, iar baloanele oferite fiec\u0103rui copila\u0219 au colorat \u0219i mai mult ziua de s\u00e2mb\u0103t\u0103.<\/p>\n<p>La dialogul cultural de ast\u0103zi cu chi\u0219in\u0103uenii a participat Primarul General al municipiului Chi\u0219in\u0103u, Ion CEBAN, al\u0103turi de Pretorul sectorului Centru Vadim H\u00eencu.<\/p>\n<p>Aceast\u0103 serie de evenimente de weekend este deja \u00eendr\u0103git\u0103 de c\u0103tre locuitorii municipiului, fapt constatat de num\u0103rul mare de spectatori, care apreciaz\u0103 cultura \u0219i frumosul. \u00cen acest context v\u0103 \u00eendemn\u0103m \u0219i urm\u0103torul weekend s\u0103-l petrece\u021bi \u00eempreun\u0103 cu noi.<\/p>\n\n\t\t<\/div>\n\t<\/div>\n\n<div class=\"vc_grid-container-wrapper vc_clearfix vc_grid-animation-fadeIn\">\n\t<div class=\"vc_grid-container vc_clearfix wpb_content_element vc_media_grid\" data-initial-loading-animation=\"fadeIn\" data-vc-grid-settings=\"{&quot;page_id&quot;:59804,&quot;style&quot;:&quot;all&quot;,&quot;action&quot;:&quot;vc_get_vc_grid_data&quot;,&quot;shortcode_id&quot;:&quot;1655722877145-247fc271-a7d3-7&quot;,&quot;tag&quot;:&quot;vc_media_grid&quot;}\" data-vc-request=\"https:\/\/chisinaucentru.md\/wp-admin\/admin-ajax.php\" data-vc-post-id=\"59804\" data-vc-public-nonce=\"c0809cca66\">\n\t\t\n\t<\/div>\n<\/div><\/div><\/div><\/div><\/div>","protected":false},"excerpt":{"rendered":"<p>Ast\u0103zi, 18 iunie, \u00eencep\u00e2nd cu ora 11:00 a demarat urm\u0103toarea activitate din calendarul proiectului \u201cDialog cultural cu chi\u0219in\u0103uenii\u201d, proiect ini\u021biat de c\u0103tre Prim\u0103ria municipiului Chi\u0219in\u0103u, care presupune organizarea \u00een municipiul Chi\u0219in\u0103u a manifest\u0103rilor cultural-artistice \u00een fiecare weekend al lunii iunie. La sc\u0103rile de granit din Parcul Valea Morilor, a fost o adev\u0103rat\u0103 distrac\u021bie, denumit\u0103 \u201eLuna&hellip;<\/p>","protected":false},"author":1,"featured_media":59806,"comment_status":"open","ping_status":"open","sticky":false,"template":"","format":"standard","meta":[],"categories":[244],"tags":[],"acf":[],"_links":{"self":[{"href":"https:\/\/chisinaucentru.md\/en\/wp-json\/wp\/v2\/posts\/59804"}],"collection":[{"href":"https:\/\/chisinaucentru.md\/en\/wp-json\/wp\/v2\/posts"}],"about":[{"href":"https:\/\/chisinaucentru.md\/en\/wp-json\/wp\/v2\/types\/post"}],"author":[{"embeddable":true,"href":"https:\/\/chisinaucentru.md\/en\/wp-json\/wp\/v2\/users\/1"}],"replies":[{"embeddable":true,"href":"https:\/\/chisinaucentru.md\/en\/wp-json\/wp\/v2\/comments?post=59804"}],"version-history":[{"count":1,"href":"https:\/\/chisinaucentru.md\/en\/wp-json\/wp\/v2\/posts\/59804\/revisions"}],"predecessor-version":[{"id":59882,"href":"https:\/\/chisinaucentru.md\/en\/wp-json\/wp\/v2\/posts\/59804\/revisions\/59882"}],"wp:featuredmedia":[{"embeddable":true,"href":"https:\/\/chisinaucentru.md\/en\/wp-json\/wp\/v2\/media\/59806"}],"wp:attachment":[{"href":"https:\/\/chisinaucentru.md\/en\/wp-json\/wp\/v2\/media?parent=59804"}],"wp:term":[{"taxonomy":"category","embeddable":true,"href":"https:\/\/chisinaucentru.md\/en\/wp-json\/wp\/v2\/categories?post=59804"},{"taxonomy":"post_tag","embeddable":true,"href":"https:\/\/chisinaucentru.md\/en\/wp-json\/wp\/v2\/tags?post=59804"}],"curies":[{"name":"wp","href":"https:\/\/api.w.org\/{rel}","templated":true}]}}