{"id":59768,"date":"2022-06-17T10:53:23","date_gmt":"2022-06-17T10:53:23","guid":{"rendered":"https:\/\/chisinaucentru.md\/?p=59768"},"modified":"2022-06-20T10:57:09","modified_gmt":"2022-06-20T10:57:09","slug":"ne-inchinam-de-sanatate-doctore","status":"publish","type":"post","link":"https:\/\/chisinaucentru.md\/en\/ne-inchinam-de-sanatate-doctore\/","title":{"rendered":"Ne \u00eenchin\u0103m de s\u0103n\u0103tate, doctore!"},"content":{"rendered":"<div class=\"vc_row wpb_row vc_row-fluid dt-default\" style=\"margin-top: 0px;margin-bottom: 0px\"><div class=\"wpb_column vc_column_container vc_col-sm-12\"><div class=\"vc_column-inner\"><div class=\"wpb_wrapper\">\n\t<div class=\"wpb_text_column wpb_content_element\" >\n\t\t<div class=\"wpb_wrapper\">\n\t\t\t<p>La 17 iunie, \u00een contextul Zilei profesionale a lucr\u0103torului medical \u0219i a farmacistului, s\u0103rb\u0103torit\u0103 anual \u00een a treia duminic\u0103 a lunii iunie, \u00een incinta Asocia\u0163iei Medicale Teritoriale Centru, a avut loc festivitatea de omagiere a celor care \u0219i-au ales nobila profesie s\u0103 stea la straja s\u0103n\u0103t\u0103\u0163ii oamenilor.<\/p>\n<p>La eveniment a fost prezent\u0103 conducerea administra\u021biei publice locale de sector, \u00een persoana pretorului sectorului Centru, Vadim H\u00eencu, care a decernat Diplome de Onoare ale Preturii sectorului Centru \u00een semn de gratitudine pentru implementarea politicilor de stat \u00een domeniul s\u0103n\u0103t\u0103\u021bii publice, gestionarea cu succes a situa\u021biilor de criz\u0103, responsabilitate, perseveren\u021b\u0103 \u0219i cu prilejul Zilei lucr\u0103torului medical \u0219i a farmacistului.<\/p>\n<p>De asemenea, \u00een cadrul evenimentului organizat de c\u0103tre AMT Centru, pretorul, Vadim H\u00eencu, a f\u0103cut un anun\u021b despre \u00eenceperea realiz\u0103rii proiectului de amenajare a unui scuar \u00een fa\u021ba institu\u021biei, unde oricine va avea posibilitatea s\u0103 se recreeze, s\u0103 comunice \u0219i s\u0103 petreac\u0103 timpul pl\u0103cut. Vadim H\u00eencu a asigurat c\u0103 proiectul va fi realizat p\u00e2n\u0103 la finele acestui an, a\u0219a cum 2022 a fost declarat de autorit\u0103\u021bile municipale Anul Lucr\u0103torului Medical.<\/p>\n<p>Pretorul sectorului Centru, \u00een mesajul s\u0103u de felicitare cu ocazia zilei profesionale a lucr\u0103torului medical, a transmis profunda recuno\u0219tin\u021b\u0103 oamenilor \u00een halate albe, munca c\u0103rora merit\u0103 \u0219i trebuie vociferat\u0103, respectat\u0103 mai mult ca oric\u00e2nd, oferind angaja\u021bilor multe flori albe. Totodat\u0103, a apreciat profesionalismul directoruluiAMT Centru, Adela Glavan, care de-a lungul timpului a oferit institu\u021biei o imagine aplaudabil\u0103.<\/p>\n<p>La fel cu surprize \u0219i felicit\u0103ri a venit \u0219i Gheorghe Barbarov, pre\u0219edintele Asocia\u021biei pentru Sus\u021binerea Ini\u021biativelor Comunitare \u0219i Sportului, d\u0103ruind pentru AMT Centru un televizor \u0219i o ton\u0103 de dezinfectan\u021bi.<\/p>\n<p>\u00cen afara ur\u0103rilor \u0219i mesajelor primite pentru devotament \u0219i perseveren\u021b\u0103 \u00een acordarea asisten\u021bei medicale popula\u021biei, lumin\u0103, compasiune, speran\u021b\u0103 \u0219i \u00eencredere \u00een activitate, cei prezen\u021bi au fost \u0219i ei la r\u00e2ndul lor supu\u0219i \u201eterapiei muzicale\u201d.<\/p>\n<p>Pentru s\u0103rb\u0103tori\u021bi cu drag au c\u00e2ntat mai mul\u021bi arti\u0219ti din municipiul Chi\u0219in\u0103u.<\/p>\n\n\t\t<\/div>\n\t<\/div>\n\n<div class=\"vc_grid-container-wrapper vc_clearfix vc_grid-animation-fadeIn\">\n\t<div class=\"vc_grid-container vc_clearfix wpb_content_element vc_media_grid\" data-initial-loading-animation=\"fadeIn\" data-vc-grid-settings=\"{&quot;page_id&quot;:59768,&quot;style&quot;:&quot;all&quot;,&quot;action&quot;:&quot;vc_get_vc_grid_data&quot;,&quot;shortcode_id&quot;:&quot;1655722512448-62b6c7a8-fc15-7&quot;,&quot;tag&quot;:&quot;vc_media_grid&quot;}\" data-vc-request=\"https:\/\/chisinaucentru.md\/wp-admin\/admin-ajax.php\" data-vc-post-id=\"59768\" data-vc-public-nonce=\"71e3d605dc\">\n\t\t\n\t<\/div>\n<\/div><\/div><\/div><\/div><\/div>","protected":false},"excerpt":{"rendered":"<p>La 17 iunie, \u00een contextul Zilei profesionale a lucr\u0103torului medical \u0219i a farmacistului, s\u0103rb\u0103torit\u0103 anual \u00een a treia duminic\u0103 a lunii iunie, \u00een incinta Asocia\u0163iei Medicale Teritoriale Centru, a avut loc festivitatea de omagiere a celor care \u0219i-au ales nobila profesie s\u0103 stea la straja s\u0103n\u0103t\u0103\u0163ii oamenilor. La eveniment a fost prezent\u0103 conducerea administra\u021biei publice&hellip;<\/p>","protected":false},"author":1,"featured_media":59769,"comment_status":"open","ping_status":"open","sticky":false,"template":"","format":"standard","meta":[],"categories":[244],"tags":[],"acf":[],"_links":{"self":[{"href":"https:\/\/chisinaucentru.md\/en\/wp-json\/wp\/v2\/posts\/59768"}],"collection":[{"href":"https:\/\/chisinaucentru.md\/en\/wp-json\/wp\/v2\/posts"}],"about":[{"href":"https:\/\/chisinaucentru.md\/en\/wp-json\/wp\/v2\/types\/post"}],"author":[{"embeddable":true,"href":"https:\/\/chisinaucentru.md\/en\/wp-json\/wp\/v2\/users\/1"}],"replies":[{"embeddable":true,"href":"https:\/\/chisinaucentru.md\/en\/wp-json\/wp\/v2\/comments?post=59768"}],"version-history":[{"count":1,"href":"https:\/\/chisinaucentru.md\/en\/wp-json\/wp\/v2\/posts\/59768\/revisions"}],"predecessor-version":[{"id":59803,"href":"https:\/\/chisinaucentru.md\/en\/wp-json\/wp\/v2\/posts\/59768\/revisions\/59803"}],"wp:featuredmedia":[{"embeddable":true,"href":"https:\/\/chisinaucentru.md\/en\/wp-json\/wp\/v2\/media\/59769"}],"wp:attachment":[{"href":"https:\/\/chisinaucentru.md\/en\/wp-json\/wp\/v2\/media?parent=59768"}],"wp:term":[{"taxonomy":"category","embeddable":true,"href":"https:\/\/chisinaucentru.md\/en\/wp-json\/wp\/v2\/categories?post=59768"},{"taxonomy":"post_tag","embeddable":true,"href":"https:\/\/chisinaucentru.md\/en\/wp-json\/wp\/v2\/tags?post=59768"}],"curies":[{"name":"wp","href":"https:\/\/api.w.org\/{rel}","templated":true}]}}