{"id":58683,"date":"2022-03-31T13:13:00","date_gmt":"2022-03-31T13:13:00","guid":{"rendered":"https:\/\/chisinaucentru.md\/?p=58683"},"modified":"2022-03-31T13:13:05","modified_gmt":"2022-03-31T13:13:05","slug":"demontarea-gardului-instalat-neautorizat","status":"publish","type":"post","link":"https:\/\/chisinaucentru.md\/en\/demontarea-gardului-instalat-neautorizat\/","title":{"rendered":"Demontarea gardului instalat neautorizat"},"content":{"rendered":"<p>Colaboratorii Sec\u0163iei social-economice din cadrul Preturii sectorului Centru ulterior discu\u021biilor cu agentul economic au organizat ac\u021biuni de demontare a gardului din str. Armeneasca intersectie cu str. Mitropolit Varlaam.Pretura sectorului Centru solicit\u0103, repetat, tuturor agen\u0163ilor economici din teritoriu s\u0103 asigure, \u00een termenele stabilite, evacuarea sau demontarea instala\u021biilor neautorizate care le apar\u0163in.<\/p>\n\n\n\n<figure class=\"wp-block-gallery has-nested-images columns-default is-cropped\">\n<figure class=\"wp-block-image size-large\"><img loading=\"lazy\" width=\"768\" height=\"1024\" data-id=\"58684\"  src=\"https:\/\/chisinaucentru.md\/wp-content\/uploads\/2022\/03\/photo_2022-03-31_13-24-38-768x1024.jpg\" alt=\"\" class=\"wp-image-58684\" srcset=\"https:\/\/chisinaucentru.md\/wp-content\/uploads\/2022\/03\/photo_2022-03-31_13-24-38-768x1024.jpg 768w, https:\/\/chisinaucentru.md\/wp-content\/uploads\/2022\/03\/photo_2022-03-31_13-24-38-225x300.jpg 225w, https:\/\/chisinaucentru.md\/wp-content\/uploads\/2022\/03\/photo_2022-03-31_13-24-38-9x12.jpg 9w, https:\/\/chisinaucentru.md\/wp-content\/uploads\/2022\/03\/photo_2022-03-31_13-24-38.jpg 960w\" sizes=\"(max-width: 768px) 100vw, 768px\" \/><\/figure>\n\n\n\n<figure class=\"wp-block-image size-large\"><img loading=\"lazy\" width=\"768\" height=\"1024\" data-id=\"58685\"  src=\"https:\/\/chisinaucentru.md\/wp-content\/uploads\/2022\/03\/photo_2022-03-31_13-24-39-768x1024.jpg\" alt=\"\" class=\"wp-image-58685\" srcset=\"https:\/\/chisinaucentru.md\/wp-content\/uploads\/2022\/03\/photo_2022-03-31_13-24-39-768x1024.jpg 768w, https:\/\/chisinaucentru.md\/wp-content\/uploads\/2022\/03\/photo_2022-03-31_13-24-39-225x300.jpg 225w, https:\/\/chisinaucentru.md\/wp-content\/uploads\/2022\/03\/photo_2022-03-31_13-24-39-9x12.jpg 9w, https:\/\/chisinaucentru.md\/wp-content\/uploads\/2022\/03\/photo_2022-03-31_13-24-39.jpg 960w\" sizes=\"(max-width: 768px) 100vw, 768px\" \/><\/figure>\n\n\n\n<figure class=\"wp-block-image size-large\"><img loading=\"lazy\" width=\"768\" height=\"1024\" data-id=\"58686\"  src=\"https:\/\/chisinaucentru.md\/wp-content\/uploads\/2022\/03\/photo_2022-03-31_13-37-16-768x1024.jpg\" alt=\"\" class=\"wp-image-58686\" srcset=\"https:\/\/chisinaucentru.md\/wp-content\/uploads\/2022\/03\/photo_2022-03-31_13-37-16-768x1024.jpg 768w, https:\/\/chisinaucentru.md\/wp-content\/uploads\/2022\/03\/photo_2022-03-31_13-37-16-225x300.jpg 225w, https:\/\/chisinaucentru.md\/wp-content\/uploads\/2022\/03\/photo_2022-03-31_13-37-16-9x12.jpg 9w, https:\/\/chisinaucentru.md\/wp-content\/uploads\/2022\/03\/photo_2022-03-31_13-37-16.jpg 960w\" sizes=\"(max-width: 768px) 100vw, 768px\" \/><\/figure>\n<\/figure>","protected":false},"excerpt":{"rendered":"<p>Colaboratorii Sec\u0163iei social-economice din cadrul Preturii sectorului Centru ulterior discu\u021biilor cu agentul economic au organizat ac\u021biuni de demontare a gardului din str. Armeneasca intersectie cu str. Mitropolit Varlaam.Pretura sectorului Centru solicit\u0103, repetat, tuturor agen\u0163ilor economici din teritoriu s\u0103 asigure, \u00een termenele stabilite, evacuarea sau demontarea instala\u021biilor neautorizate care le apar\u0163in.<\/p>","protected":false},"author":3,"featured_media":58684,"comment_status":"open","ping_status":"open","sticky":false,"template":"","format":"standard","meta":[],"categories":[244],"tags":[],"acf":[],"_links":{"self":[{"href":"https:\/\/chisinaucentru.md\/en\/wp-json\/wp\/v2\/posts\/58683"}],"collection":[{"href":"https:\/\/chisinaucentru.md\/en\/wp-json\/wp\/v2\/posts"}],"about":[{"href":"https:\/\/chisinaucentru.md\/en\/wp-json\/wp\/v2\/types\/post"}],"author":[{"embeddable":true,"href":"https:\/\/chisinaucentru.md\/en\/wp-json\/wp\/v2\/users\/3"}],"replies":[{"embeddable":true,"href":"https:\/\/chisinaucentru.md\/en\/wp-json\/wp\/v2\/comments?post=58683"}],"version-history":[{"count":1,"href":"https:\/\/chisinaucentru.md\/en\/wp-json\/wp\/v2\/posts\/58683\/revisions"}],"predecessor-version":[{"id":58687,"href":"https:\/\/chisinaucentru.md\/en\/wp-json\/wp\/v2\/posts\/58683\/revisions\/58687"}],"wp:featuredmedia":[{"embeddable":true,"href":"https:\/\/chisinaucentru.md\/en\/wp-json\/wp\/v2\/media\/58684"}],"wp:attachment":[{"href":"https:\/\/chisinaucentru.md\/en\/wp-json\/wp\/v2\/media?parent=58683"}],"wp:term":[{"taxonomy":"category","embeddable":true,"href":"https:\/\/chisinaucentru.md\/en\/wp-json\/wp\/v2\/categories?post=58683"},{"taxonomy":"post_tag","embeddable":true,"href":"https:\/\/chisinaucentru.md\/en\/wp-json\/wp\/v2\/tags?post=58683"}],"curies":[{"name":"wp","href":"https:\/\/api.w.org\/{rel}","templated":true}]}}