{"id":56633,"date":"2021-10-01T13:58:50","date_gmt":"2021-10-01T13:58:50","guid":{"rendered":"https:\/\/chisinaucentru.md\/?p=56633"},"modified":"2021-10-01T13:58:50","modified_gmt":"2021-10-01T13:58:50","slug":"cursa-de-alergari-dedicata-celei-de-a-585-a-aniversare-a-orasului-chisinau","status":"publish","type":"post","link":"https:\/\/chisinaucentru.md\/en\/cursa-de-alergari-dedicata-celei-de-a-585-a-aniversare-a-orasului-chisinau\/","title":{"rendered":"Cursa de alerg\u0103ri dedicat\u0103 celei de-a 585-a aniversare a ora\u0219ului Chi\u0219in\u0103u."},"content":{"rendered":"<div class=\"vc_row wpb_row vc_row-fluid dt-default\" style=\"margin-top: 0px;margin-bottom: 0px\"><div class=\"wpb_column vc_column_container vc_col-sm-12\"><div class=\"vc_column-inner\"><div class=\"wpb_wrapper\">\n\t<div class=\"wpb_text_column wpb_content_element\" >\n\t\t<div class=\"wpb_wrapper\">\n\t\t\t<p>Conform dispozi\u021biei pretorului sectorului Centru <em>cu privire la ac\u021biunile cultural-sportive din luna octombrie 2021, <\/em>ast\u0103zi, 01 octombrie 2021, s-a desf\u0103\u0219urat cursa tradi\u021bional\u0103 de alerg\u0103ri de toamn\u0103, dedicat\u0103 celei de-a 585-a aniversare a ora\u0219ului Chi\u0219in\u0103u. Evenimentul sportiv a \u00eentrunit \u00een Parcul \u201eValea Morilor\u201d tinerii din cadrul institu\u021biilor de \u00eenv\u0103\u021b\u0103m\u00e2nt.<\/p>\n<p>Competi\u021biile au fost organizate pe categorii de v\u00e2rst\u0103, iar c\u00e2\u0219tig\u0103torii, at\u00e2t fetele, c\u00e2t \u0219i b\u0103ie\u021bii, s-au ales cu diplome \u0219i premii. Cei mai mul\u021bi \u00eenving\u0103tori au fost printre elevii Liceului \u201eVasile Lupu\u201d (\u0219apte medalii). Deasemenea, s-au clasat pe urm\u0103toarele locuri Liceul teoretic \u201cUniversul\u201d locul I \u0219i II (dou\u0103 medalii), Liceul teoretic \u201cMinerva\u201d \u2013 locul I \u0219i III (dou\u0103 medalii), Liceul teoretic \u201cConstantin Sibirschi\u201d \u2013 locul II \u0219i III (dou\u0103 medalii), Liceul teoretic \u201cMihai Viteazul\u201d \u2013\u00a0 locul\u00a0 III (una medalii), Gimnaziul \u201cDumitru Matcovschi\u201d \u2013\u00a0 locul\u00a0 I \u0219i II (dou\u0103 medalii), Liceul teoretic \u201cAristotel\u201d \u2013 locul I \u0219i II\u00a0 (dou\u0103 medalii).<\/p>\n<p>Faptul c\u0103 la cursa de alerg\u0103ri au participat at\u00e2\u021bia tineri minuna\u021bi, cu mult entuziasm \u0219i o preg\u0103tire fizic\u0103 bun\u0103, ne demonstreaz\u0103 c\u0103 genera\u021bia de ast\u0103zi pledeaz\u0103 pentru un stil de via\u021b\u0103 s\u0103n\u0103tos, iar<\/p>\n<p>sportul constituie cel mai eficient mod de men\u0163inere a s\u0103n\u0103t\u0103\u0163ii \u015fi bunei dispozi\u0163ii.<\/p>\n\n\t\t<\/div>\n\t<\/div>\n<\/div><\/div><\/div><\/div><div class=\"vc_row wpb_row vc_row-fluid dt-default\" style=\"margin-top: 0px;margin-bottom: 0px\"><div class=\"wpb_column vc_column_container vc_col-sm-12\"><div class=\"vc_column-inner\"><div class=\"wpb_wrapper\">\n<div class=\"vc_grid-container-wrapper vc_clearfix vc_grid-animation-fadeIn\">\n\t<div class=\"vc_grid-container vc_clearfix wpb_content_element vc_media_grid\" data-initial-loading-animation=\"fadeIn\" data-vc-grid-settings=\"{&quot;page_id&quot;:56633,&quot;style&quot;:&quot;all&quot;,&quot;action&quot;:&quot;vc_get_vc_grid_data&quot;,&quot;shortcode_id&quot;:&quot;1633095968201-78c40a5c-6e6f-2&quot;,&quot;tag&quot;:&quot;vc_media_grid&quot;}\" data-vc-request=\"https:\/\/chisinaucentru.md\/wp-admin\/admin-ajax.php\" data-vc-post-id=\"56633\" data-vc-public-nonce=\"39ce34e9ee\">\n\t\t\n\t<\/div>\n<\/div><\/div><\/div><\/div><\/div>","protected":false},"excerpt":{"rendered":"<p>Conform dispozi\u021biei pretorului sectorului Centru cu privire la ac\u021biunile cultural-sportive din luna octombrie 2021, ast\u0103zi, 01 octombrie 2021, s-a desf\u0103\u0219urat cursa tradi\u021bional\u0103 de alerg\u0103ri de toamn\u0103, dedicat\u0103 celei de-a 585-a aniversare a ora\u0219ului Chi\u0219in\u0103u. Evenimentul sportiv a \u00eentrunit \u00een Parcul \u201eValea Morilor\u201d tinerii din cadrul institu\u021biilor de \u00eenv\u0103\u021b\u0103m\u00e2nt. Competi\u021biile au fost organizate pe categorii de&hellip;<\/p>","protected":false},"author":3,"featured_media":56641,"comment_status":"open","ping_status":"open","sticky":false,"template":"","format":"standard","meta":[],"categories":[244],"tags":[],"acf":[],"_links":{"self":[{"href":"https:\/\/chisinaucentru.md\/en\/wp-json\/wp\/v2\/posts\/56633"}],"collection":[{"href":"https:\/\/chisinaucentru.md\/en\/wp-json\/wp\/v2\/posts"}],"about":[{"href":"https:\/\/chisinaucentru.md\/en\/wp-json\/wp\/v2\/types\/post"}],"author":[{"embeddable":true,"href":"https:\/\/chisinaucentru.md\/en\/wp-json\/wp\/v2\/users\/3"}],"replies":[{"embeddable":true,"href":"https:\/\/chisinaucentru.md\/en\/wp-json\/wp\/v2\/comments?post=56633"}],"version-history":[{"count":0,"href":"https:\/\/chisinaucentru.md\/en\/wp-json\/wp\/v2\/posts\/56633\/revisions"}],"wp:featuredmedia":[{"embeddable":true,"href":"https:\/\/chisinaucentru.md\/en\/wp-json\/wp\/v2\/media\/56641"}],"wp:attachment":[{"href":"https:\/\/chisinaucentru.md\/en\/wp-json\/wp\/v2\/media?parent=56633"}],"wp:term":[{"taxonomy":"category","embeddable":true,"href":"https:\/\/chisinaucentru.md\/en\/wp-json\/wp\/v2\/categories?post=56633"},{"taxonomy":"post_tag","embeddable":true,"href":"https:\/\/chisinaucentru.md\/en\/wp-json\/wp\/v2\/tags?post=56633"}],"curies":[{"name":"wp","href":"https:\/\/api.w.org\/{rel}","templated":true}]}}