{"id":56451,"date":"2021-09-07T15:25:07","date_gmt":"2021-09-07T15:25:07","guid":{"rendered":"https:\/\/chisinaucentru.md\/?p=56451"},"modified":"2021-09-07T15:25:37","modified_gmt":"2021-09-07T15:25:37","slug":"vaccineaza-te-pentru-ca-viata-sa-revina-la-normal","status":"publish","type":"post","link":"https:\/\/chisinaucentru.md\/en\/vaccineaza-te-pentru-ca-viata-sa-revina-la-normal\/","title":{"rendered":"Vaccineaz\u0103-te pentru ca via\u021ba s\u0103 revin\u0103 la normal"},"content":{"rendered":"<div class=\"vc_row wpb_row vc_row-fluid dt-default\" style=\"margin-top: 0px;margin-bottom: 0px\"><div class=\"wpb_column vc_column_container vc_col-sm-12\"><div class=\"vc_column-inner\"><div class=\"wpb_wrapper\">\n\t<div class=\"wpb_text_column wpb_content_element\" >\n\t\t<div class=\"wpb_wrapper\">\n\t\t\t<p>Pretura sectorului Centru informeaz\u0103 c\u0103, Ministerul S\u0103n\u0103t\u0103\u021bii, Muncii \u0219i Protec\u021biei Sociale demareaz\u0103 campania de informare a popula\u021biei despre importan\u021ba vaccin\u0103rii \u00eempotriva virusului SARS-CoV-2, intitulat\u0103 \u201e Vaccineaz\u0103-te pentru ca via\u021ba s\u0103 revin\u0103 la normal\u201d.<\/p>\n<p>\u00cen acest context, \u00a0campania cuprinde\u00a0 o important\u0103 component\u0103 mediatic\u0103,\u00a0 sub forma unor spoturi video, cu mesaje de promovare a vaccin\u0103rii adresate v\u00e2rstnicilor \u0219i tinerilor, pe care le plas\u0103m mai jos:<\/p>\n<p><a href=\"https:\/\/www.youtube.com\/watch?v=g8Jj7fDAwS0\" target=\"_blank\" rel=\"noopener\">https:\/\/www.youtube.com\/watch?v=g8Jj7fDAwS0<\/a> \u00a0<a href=\"https:\/\/www.youtube.com\/watch?v=BNhvvVYMjHc\" target=\"_blank\" rel=\"noopener\">https:\/\/www.youtube.com\/watch?v=BNhvvVYMjHc<\/a><\/p>\n<p>Stima\u021bi locuitori ai sectorului Centru, ave\u021bi grij\u0103 de s\u0103n\u0103tatea Dumneavoastr\u0103 \u0219i a celor din jur.<\/p>\n\n\t\t<\/div>\n\t<\/div>\n<\/div><\/div><\/div><\/div>","protected":false},"excerpt":{"rendered":"<p>Pretura sectorului Centru informeaz\u0103 c\u0103, Ministerul S\u0103n\u0103t\u0103\u021bii, Muncii \u0219i Protec\u021biei Sociale demareaz\u0103 campania de informare a popula\u021biei despre importan\u021ba vaccin\u0103rii \u00eempotriva virusului SARS-CoV-2, intitulat\u0103 \u201e Vaccineaz\u0103-te pentru ca via\u021ba s\u0103 revin\u0103 la normal\u201d. \u00cen acest context, \u00a0campania cuprinde\u00a0 o important\u0103 component\u0103 mediatic\u0103,\u00a0 sub forma unor spoturi video, cu mesaje de promovare a vaccin\u0103rii adresate v\u00e2rstnicilor&hellip;<\/p>","protected":false},"author":1,"featured_media":56452,"comment_status":"open","ping_status":"open","sticky":false,"template":"","format":"standard","meta":[],"categories":[244],"tags":[],"acf":[],"_links":{"self":[{"href":"https:\/\/chisinaucentru.md\/en\/wp-json\/wp\/v2\/posts\/56451"}],"collection":[{"href":"https:\/\/chisinaucentru.md\/en\/wp-json\/wp\/v2\/posts"}],"about":[{"href":"https:\/\/chisinaucentru.md\/en\/wp-json\/wp\/v2\/types\/post"}],"author":[{"embeddable":true,"href":"https:\/\/chisinaucentru.md\/en\/wp-json\/wp\/v2\/users\/1"}],"replies":[{"embeddable":true,"href":"https:\/\/chisinaucentru.md\/en\/wp-json\/wp\/v2\/comments?post=56451"}],"version-history":[{"count":0,"href":"https:\/\/chisinaucentru.md\/en\/wp-json\/wp\/v2\/posts\/56451\/revisions"}],"wp:featuredmedia":[{"embeddable":true,"href":"https:\/\/chisinaucentru.md\/en\/wp-json\/wp\/v2\/media\/56452"}],"wp:attachment":[{"href":"https:\/\/chisinaucentru.md\/en\/wp-json\/wp\/v2\/media?parent=56451"}],"wp:term":[{"taxonomy":"category","embeddable":true,"href":"https:\/\/chisinaucentru.md\/en\/wp-json\/wp\/v2\/categories?post=56451"},{"taxonomy":"post_tag","embeddable":true,"href":"https:\/\/chisinaucentru.md\/en\/wp-json\/wp\/v2\/tags?post=56451"}],"curies":[{"name":"wp","href":"https:\/\/api.w.org\/{rel}","templated":true}]}}