{"id":56205,"date":"2021-07-13T12:14:32","date_gmt":"2021-07-13T12:14:32","guid":{"rendered":"https:\/\/chisinaucentru.md\/?p=56205"},"modified":"2021-07-14T13:01:23","modified_gmt":"2021-07-14T13:01:23","slug":"va-invitam-la-festivalul-te-salut-chisinau-editia-i","status":"publish","type":"post","link":"https:\/\/chisinaucentru.md\/en\/va-invitam-la-festivalul-te-salut-chisinau-editia-i\/","title":{"rendered":"V\u0103 invit\u0103m la festivalul \u201eTe salut, Chi\u0219in\u0103u\u201d, edi\u021bia I"},"content":{"rendered":"<div class=\"vc_row wpb_row vc_row-fluid dt-default\" style=\"margin-top: 0px;margin-bottom: 0px\"><div class=\"wpb_column vc_column_container vc_col-sm-12\"><div class=\"vc_column-inner\"><div class=\"wpb_wrapper\">\n\t<div class=\"wpb_text_column wpb_content_element\" >\n\t\t<div class=\"wpb_wrapper\">\n\t\t\t<div class=\"kvgmc6g5 cxmmr5t8 oygrvhab hcukyx3x c1et5uql ii04i59q\">\n<div dir=\"auto\">Pretura sectorului Centru informeaz\u0103 c\u0103, \u00een perioada 14-17 iulie 2021, \u00een capital\u0103 se va desf\u0103\u0219ura Festivalul \u201eTe salut, Chi\u0219in\u0103u&#8221;, edi\u021bia I.<\/div>\n<div dir=\"auto\">Proiectul este dedicat anivers\u0103rii a 585 de ani de la prima atestare documentar\u0103 a Chi\u0219in\u0103ului \u0219i va include diverse activit\u0103\u021bi cultural-artistice \u0219i sportive.<\/div>\n<\/div>\n<div class=\"o9v6fnle cxmmr5t8 oygrvhab hcukyx3x c1et5uql ii04i59q\">\n<div dir=\"auto\">\u00cen data de 14 iulie, ora 11:00 se va organiza un flash-mob cu tinerii din sector care vor parcurge un traseu (\u00eencep\u00e2nd de la sc\u0103rile de granit din Parcul Valea Morilor c\u0103tre strada pietonal\u0103 Eugen Doga) pentru a invita locuitorii \u0219i oaspe\u021bii ora\u0219ului s\u0103 participe la evenimentele organizate, iar la ora 20:00 la Sc\u0103rile de granit din Parcul Valea Morilor va avea loc un Recital muzical de Jazz cu forma\u021bia Alex Calancea Band.<\/div>\n<\/div>\n<div class=\"o9v6fnle cxmmr5t8 oygrvhab hcukyx3x c1et5uql ii04i59q\">\n<div dir=\"auto\">La data de 15 iulie, ora 13:00 \u00een incinta Preturii sectorului Centru va avea loc o Mas\u0103 Rotund\u0103 de discu\u021bii despre istorie \u0219i cultur\u0103 cu tinerii istorici \u0219i speciali\u0219ti \u00een arhitectur\u0103 cu genericul \u201e585 ANI de la prima atestare documentar\u0103 a Chi\u0219in\u0103ului\u201d, iar la ora 20:00 la Sc\u0103rile de granit din Parcul Valea Morilor va avea loc un Recital de muzic\u0103 \u0219i dans popular cu participarea ansamblului \u201eStrugura\u0219\u201d \u0219i \u201eM\u0103r\u021bi\u0219or\u201d<\/div>\n<\/div>\n<div class=\"o9v6fnle cxmmr5t8 oygrvhab hcukyx3x c1et5uql ii04i59q\">\n<div dir=\"auto\">Pentru data de 16 iulie, ora 13:00 \u00een scuarul Mihai Eminescu, se vor organiza competi\u021bii sportive la \u0218ah, Dame \u0219i Narde, cu participarea juc\u0103torilor amatori din sectorul Centru, iar la ora 20:00 la Sc\u0103rile de granit din Parcul Valea Morilor va avea loc un Recital de muzic\u0103 clasic\u0103 cu Octetul Filarmonicii Na\u021bionale \u201eSerghei Lunchevici\u201d.<\/div>\n<\/div>\n<div class=\"o9v6fnle cxmmr5t8 oygrvhab hcukyx3x c1et5uql ii04i59q\">\n<div dir=\"auto\">Concertul de omagiere cu genericul \u201eTe salut, Chi\u0219in\u0103u\u201d va avea loc \u00een data 17 iulie, \u00eencep\u00e2nd cu ora 19:00, care va avea loc pe strada pietonal\u0103 \u201eEugen Doga\u201d, la care va participa:<\/div>\n<div dir=\"auto\">\u2022 Orchestra municipal\u0103 de muzic\u0103 popular\u0103 \u201e<a class=\"oajrlxb2 g5ia77u1 qu0x051f esr5mh6w e9989ue4 r7d6kgcz rq0escxv nhd2j8a9 nc684nl6 p7hjln8o kvgmc6g5 cxmmr5t8 oygrvhab hcukyx3x jb3vyjys rz4wbd8a qt6c0cv9 a8nywdso i1ao9s8h esuyzwwr f1sip0of lzcic4wl q66pz984 gpro0wi8 b1v8xokw\" tabindex=\"0\" role=\"link\" href=\"https:\/\/www.facebook.com\/fratiiadvahov?__cft__&#091;0&#093;=AZV20iNC6TmGYmANq4epiFAqttgghdEbaW8W078EsCuck6rW6ko2C8gGbSmpBA0sAHthalRmLO9xAB5uYdvr3bXMthQAL9SpwHfMlSoMmKPaNEgX0i_uaxhO_F79_47N1tBKDVk4Dg08XIl6-H1mcP4wOaxqp7bbu3fwRENdHe6eNQQ-McpJriIJCn_ibsLOZT8&amp;__tn__=-&#093;K-R\"><span class=\"nc684nl6\">Orchestra Fra\u0163ilor Advahov<\/span><\/a>\u201d<\/div>\n<div dir=\"auto\">\u2022 <a class=\"oajrlxb2 g5ia77u1 qu0x051f esr5mh6w e9989ue4 r7d6kgcz rq0escxv nhd2j8a9 nc684nl6 p7hjln8o kvgmc6g5 cxmmr5t8 oygrvhab hcukyx3x jb3vyjys rz4wbd8a qt6c0cv9 a8nywdso i1ao9s8h esuyzwwr f1sip0of lzcic4wl q66pz984 gpro0wi8 b1v8xokw\" tabindex=\"0\" role=\"link\" href=\"https:\/\/www.facebook.com\/ansamblulplaiesii?__cft__&#091;0&#093;=AZV20iNC6TmGYmANq4epiFAqttgghdEbaW8W078EsCuck6rW6ko2C8gGbSmpBA0sAHthalRmLO9xAB5uYdvr3bXMthQAL9SpwHfMlSoMmKPaNEgX0i_uaxhO_F79_47N1tBKDVk4Dg08XIl6-H1mcP4wOaxqp7bbu3fwRENdHe6eNQQ-McpJriIJCn_ibsLOZT8&amp;__tn__=-&#093;K-R\"><span class=\"nc684nl6\">Ansamblul Etnofolcloric Pl\u0103ie\u0219ii<\/span><\/a><\/div>\n<div dir=\"auto\">\u2022\u201e <a class=\"oajrlxb2 g5ia77u1 qu0x051f esr5mh6w e9989ue4 r7d6kgcz rq0escxv nhd2j8a9 nc684nl6 p7hjln8o kvgmc6g5 cxmmr5t8 oygrvhab hcukyx3x jb3vyjys rz4wbd8a qt6c0cv9 a8nywdso i1ao9s8h esuyzwwr f1sip0of lzcic4wl q66pz984 gpro0wi8 b1v8xokw\" tabindex=\"0\" role=\"link\" href=\"https:\/\/www.facebook.com\/Cristofor.Aldea.Teodorovici.Official?__cft__&#091;0&#093;=AZV20iNC6TmGYmANq4epiFAqttgghdEbaW8W078EsCuck6rW6ko2C8gGbSmpBA0sAHthalRmLO9xAB5uYdvr3bXMthQAL9SpwHfMlSoMmKPaNEgX0i_uaxhO_F79_47N1tBKDVk4Dg08XIl6-H1mcP4wOaxqp7bbu3fwRENdHe6eNQQ-McpJriIJCn_ibsLOZT8&amp;__tn__=-&#093;K-R\"><span class=\"nc684nl6\">Cristofor Aldea-Teodorovici<\/span><\/a> Orchestra\u201d<\/div>\n<div dir=\"auto\">\u2022 \u201e <a class=\"oajrlxb2 g5ia77u1 qu0x051f esr5mh6w e9989ue4 r7d6kgcz rq0escxv nhd2j8a9 nc684nl6 p7hjln8o kvgmc6g5 cxmmr5t8 oygrvhab hcukyx3x jb3vyjys rz4wbd8a qt6c0cv9 a8nywdso i1ao9s8h esuyzwwr f1sip0of lzcic4wl q66pz984 gpro0wi8 b1v8xokw\" tabindex=\"0\" role=\"link\" href=\"https:\/\/www.facebook.com\/lupiiluialexcalancea\/?__cft__&#091;0&#093;=AZV20iNC6TmGYmANq4epiFAqttgghdEbaW8W078EsCuck6rW6ko2C8gGbSmpBA0sAHthalRmLO9xAB5uYdvr3bXMthQAL9SpwHfMlSoMmKPaNEgX0i_uaxhO_F79_47N1tBKDVk4Dg08XIl6-H1mcP4wOaxqp7bbu3fwRENdHe6eNQQ-McpJriIJCn_ibsLOZT8&amp;__tn__=kK-R\"><span class=\"nc684nl6\">Lupii si Alex Calancea Band<\/span><\/a><\/div>\n<div dir=\"auto\">V\u0103 a\u0219tept\u0103m cu drag !<\/div>\n<\/div>\n\n\t\t<\/div>\n\t<\/div>\n<\/div><\/div><\/div><\/div>","protected":false},"excerpt":{"rendered":"<p>Pretura sectorului Centru informeaz\u0103 c\u0103, \u00een perioada 14-17 iulie 2021, \u00een capital\u0103 se va desf\u0103\u0219ura Festivalul \u201eTe salut, Chi\u0219in\u0103u&#8221;, edi\u021bia I. Proiectul este dedicat anivers\u0103rii a 585 de ani de la prima atestare documentar\u0103 a Chi\u0219in\u0103ului \u0219i va include diverse activit\u0103\u021bi cultural-artistice \u0219i sportive. \u00cen data de 14 iulie, ora 11:00 se va organiza un&hellip;<\/p>","protected":false},"author":1,"featured_media":56206,"comment_status":"open","ping_status":"open","sticky":false,"template":"","format":"standard","meta":[],"categories":[244],"tags":[],"acf":[],"_links":{"self":[{"href":"https:\/\/chisinaucentru.md\/en\/wp-json\/wp\/v2\/posts\/56205"}],"collection":[{"href":"https:\/\/chisinaucentru.md\/en\/wp-json\/wp\/v2\/posts"}],"about":[{"href":"https:\/\/chisinaucentru.md\/en\/wp-json\/wp\/v2\/types\/post"}],"author":[{"embeddable":true,"href":"https:\/\/chisinaucentru.md\/en\/wp-json\/wp\/v2\/users\/1"}],"replies":[{"embeddable":true,"href":"https:\/\/chisinaucentru.md\/en\/wp-json\/wp\/v2\/comments?post=56205"}],"version-history":[{"count":0,"href":"https:\/\/chisinaucentru.md\/en\/wp-json\/wp\/v2\/posts\/56205\/revisions"}],"wp:featuredmedia":[{"embeddable":true,"href":"https:\/\/chisinaucentru.md\/en\/wp-json\/wp\/v2\/media\/56206"}],"wp:attachment":[{"href":"https:\/\/chisinaucentru.md\/en\/wp-json\/wp\/v2\/media?parent=56205"}],"wp:term":[{"taxonomy":"category","embeddable":true,"href":"https:\/\/chisinaucentru.md\/en\/wp-json\/wp\/v2\/categories?post=56205"},{"taxonomy":"post_tag","embeddable":true,"href":"https:\/\/chisinaucentru.md\/en\/wp-json\/wp\/v2\/tags?post=56205"}],"curies":[{"name":"wp","href":"https:\/\/api.w.org\/{rel}","templated":true}]}}