{"id":55678,"date":"2021-05-25T09:29:09","date_gmt":"2021-05-25T09:29:09","guid":{"rendered":"https:\/\/chisinaucentru.md\/?p=55678"},"modified":"2021-05-26T09:30:47","modified_gmt":"2021-05-26T09:30:47","slug":"amenajarea-barelor-de-protectie-a-strazilor","status":"publish","type":"post","link":"https:\/\/chisinaucentru.md\/en\/amenajarea-barelor-de-protectie-a-strazilor\/","title":{"rendered":"Amenajarea barelor de protec\u021bie a str\u0103zilor"},"content":{"rendered":"<div class=\"vc_row wpb_row vc_row-fluid dt-default\" style=\"margin-top: 0px;margin-bottom: 0px\"><div class=\"wpb_column vc_column_container vc_col-sm-12\"><div class=\"vc_column-inner\"><div class=\"wpb_wrapper\">\n\t<div class=\"wpb_text_column wpb_content_element\" >\n\t\t<div class=\"wpb_wrapper\">\n\t\t\t<p>Ast\u0103zi, 25 mai 2021, Pretura sectorului Centru a verificat executarea lucr\u0103rilor de amenajare a str\u0103zilor din sector.<\/p>\n<p>La moment, angaja\u021bii Regiei \u201eExdrupo\u201d execut\u0103 lucr\u0103ri de reparare, cur\u0103\u021bare \u0219i vopsire a barelor de protec\u021bie de la \u0218oseaua H\u00e2nce\u0219ti.<\/p>\n<p>Astfel, solicit\u0103m ca locuitorii sectorului s\u0103 p\u0103streze zonele amenajate, iar \u00a0\u00een cazul depist\u0103rii unor acte de vandalism s\u0103 anun\u021be organele de poli\u021bie.<\/p>\n\n\t\t<\/div>\n\t<\/div>\n\n<div class=\"vc_grid-container-wrapper vc_clearfix vc_grid-animation-fadeIn\">\n\t<div class=\"vc_grid-container vc_clearfix wpb_content_element vc_media_grid\" data-initial-loading-animation=\"fadeIn\" data-vc-grid-settings=\"{&quot;page_id&quot;:55678,&quot;style&quot;:&quot;all&quot;,&quot;action&quot;:&quot;vc_get_vc_grid_data&quot;,&quot;shortcode_id&quot;:&quot;1622021394022-fb84b014-acb0-10&quot;,&quot;tag&quot;:&quot;vc_media_grid&quot;}\" data-vc-request=\"https:\/\/chisinaucentru.md\/wp-admin\/admin-ajax.php\" data-vc-post-id=\"55678\" data-vc-public-nonce=\"39ce34e9ee\">\n\t\t\n\t<\/div>\n<\/div><\/div><\/div><\/div><\/div>","protected":false},"excerpt":{"rendered":"<p>Ast\u0103zi, 25 mai 2021, Pretura sectorului Centru a verificat executarea lucr\u0103rilor de amenajare a str\u0103zilor din sector. La moment, angaja\u021bii Regiei \u201eExdrupo\u201d execut\u0103 lucr\u0103ri de reparare, cur\u0103\u021bare \u0219i vopsire a barelor de protec\u021bie de la \u0218oseaua H\u00e2nce\u0219ti. Astfel, solicit\u0103m ca locuitorii sectorului s\u0103 p\u0103streze zonele amenajate, iar \u00a0\u00een cazul depist\u0103rii unor acte de vandalism s\u0103&hellip;<\/p>","protected":false},"author":1,"featured_media":55685,"comment_status":"open","ping_status":"open","sticky":false,"template":"","format":"standard","meta":[],"categories":[244],"tags":[],"acf":[],"_links":{"self":[{"href":"https:\/\/chisinaucentru.md\/en\/wp-json\/wp\/v2\/posts\/55678"}],"collection":[{"href":"https:\/\/chisinaucentru.md\/en\/wp-json\/wp\/v2\/posts"}],"about":[{"href":"https:\/\/chisinaucentru.md\/en\/wp-json\/wp\/v2\/types\/post"}],"author":[{"embeddable":true,"href":"https:\/\/chisinaucentru.md\/en\/wp-json\/wp\/v2\/users\/1"}],"replies":[{"embeddable":true,"href":"https:\/\/chisinaucentru.md\/en\/wp-json\/wp\/v2\/comments?post=55678"}],"version-history":[{"count":0,"href":"https:\/\/chisinaucentru.md\/en\/wp-json\/wp\/v2\/posts\/55678\/revisions"}],"wp:featuredmedia":[{"embeddable":true,"href":"https:\/\/chisinaucentru.md\/en\/wp-json\/wp\/v2\/media\/55685"}],"wp:attachment":[{"href":"https:\/\/chisinaucentru.md\/en\/wp-json\/wp\/v2\/media?parent=55678"}],"wp:term":[{"taxonomy":"category","embeddable":true,"href":"https:\/\/chisinaucentru.md\/en\/wp-json\/wp\/v2\/categories?post=55678"},{"taxonomy":"post_tag","embeddable":true,"href":"https:\/\/chisinaucentru.md\/en\/wp-json\/wp\/v2\/tags?post=55678"}],"curies":[{"name":"wp","href":"https:\/\/api.w.org\/{rel}","templated":true}]}}