{"id":55511,"date":"2021-05-11T12:34:35","date_gmt":"2021-05-11T12:34:35","guid":{"rendered":"https:\/\/chisinaucentru.md\/?p=55511"},"modified":"2021-05-11T12:34:35","modified_gmt":"2021-05-11T12:34:35","slug":"actiuni-de-cosire-a-ierbii-pe-teritoriul-sectorului-centru","status":"publish","type":"post","link":"https:\/\/chisinaucentru.md\/en\/actiuni-de-cosire-a-ierbii-pe-teritoriul-sectorului-centru\/","title":{"rendered":"Ac\u021biuni de cosire a ierbii pe teritoriul sectorului Centru"},"content":{"rendered":"<div class=\"vc_row wpb_row vc_row-fluid dt-default\" style=\"margin-top: 0px;margin-bottom: 0px\"><div class=\"wpb_column vc_column_container vc_col-sm-12\"><div class=\"vc_column-inner\"><div class=\"wpb_wrapper\">\n\t<div class=\"wpb_text_column wpb_content_element\" >\n\t\t<div class=\"wpb_wrapper\">\n\t\t\t<p>\u00cen leg\u0103tur\u0103 cu necesitatea men\u021binerii ordinii sanitare \u0219i red\u0103rii unui aspect adecvat teritoriului sectorului Centru, la indica\u021bia Prim\u0103riei municipiului Chi\u0219in\u0103u, \u00centreprinderile municipale de gestionare a fondului locativ, \u00centreprinderea municipal\u0103 \u201dAsocia\u021bia de gospod\u0103rire a spa\u021biilor verzi\u201d au ini\u021biat lucr\u0103rile de cosire a ierbii.<\/p>\n<p>Astfel, Pretura sectorului Centru, V\u0103 informeaz\u0103 c\u0103 \u00een conformitate cu Regulamentul privind salubrizarea \u0219i asigurarea cur\u0103\u021beniei \u00een ora\u0219ul Chi\u0219in\u0103u nr. 12\/3 din 23.07.2020 persoanele fizice, juridice rezidente, agen\u021bii economici, institu\u021biile publice, asocia\u021biile de locatari de orice form\u0103 sunt obligate conform pct. 91 s\u0103 men\u021bin\u0103 \u0219i s\u0103 asigure cur\u0103\u021benia (m\u0103turatul, sp\u0103latul, cositul ierbii, greblarea frunzelor uscate) a teritoriilor proprii, precum \u0219i a zonelor cuprinse \u00eentre imobil, respectiv limita propriet\u0103\u021bii, \u0219i domeniul public, precum \u0219i zona de trotuar \u0219i spa\u021biu verde, inclusiv alveolele p\u00e2n\u0103 la partea carosabil\u0103 a str\u0103zii sau a drumului, pe por\u021biunea din dreptul imobilului.<\/p>\n<p>\u00cen acest sens, solicit\u0103m agen\u021bilor economici, persoanelor fizice, institu\u021biilor publice, asocia\u021biilor de locatari de orice form\u0103 s\u0103 \u00eentreprind\u0103 m\u0103surile necesare privind cositul ierbii cu respectarea ordinii sanitare corespunz\u0103toare \u00een preajma imobilelor de\u021binute.<\/p>\n<p>\u00cen cazul nerespect\u0103rii acestor norme, vor fi aplicate prevederile art. 181 Cod Contraven\u021bional al Republicii Moldova \u201d\u00cenc\u0103lcarea regulilor de asigurare, \u00een modul stabilit de autoritatea administra\u021biei publice locale, a cur\u0103\u021beniei \u00een localit\u0103\u021bile urbane \u0219i rurale se sanc\u021bioneaz\u0103 cu amend\u0103 de la 18 la 36 de unit\u0103\u0163i conven\u0163ionale aplicat\u0103 persoanei fizice sau cu munc\u0103 neremunerat\u0103 \u00een folosul comunit\u0103\u0163ii de la 20 la 60 de ore, cu amend\u0103 de la 60 la 180 de unit\u0103\u0163i conven\u0163ionale aplicat\u0103 persoanei juridice\u201d.<\/p>\n<p>Miz\u0103m pe \u00een\u021belegerea tuturor \u0219i sper\u0103m c\u0103\u00a0 prin eforturi comune vom izbuti s\u0103 red\u0103m Chi\u0219in\u0103ului unui aspect de capital\u0103 european\u0103.<\/p>\n\n\t\t<\/div>\n\t<\/div>\n\n<div class=\"vc_grid-container-wrapper vc_clearfix vc_grid-animation-fadeIn\">\n\t<div class=\"vc_grid-container vc_clearfix wpb_content_element vc_media_grid\" data-initial-loading-animation=\"fadeIn\" data-vc-grid-settings=\"{&quot;page_id&quot;:55511,&quot;style&quot;:&quot;all&quot;,&quot;action&quot;:&quot;vc_get_vc_grid_data&quot;,&quot;shortcode_id&quot;:&quot;1620736439491-fbb97f08-2a2c-9&quot;,&quot;tag&quot;:&quot;vc_media_grid&quot;}\" data-vc-request=\"https:\/\/chisinaucentru.md\/wp-admin\/admin-ajax.php\" data-vc-post-id=\"55511\" data-vc-public-nonce=\"39ce34e9ee\">\n\t\t\n\t<\/div>\n<\/div><\/div><\/div><\/div><\/div>","protected":false},"excerpt":{"rendered":"<p>\u00cen leg\u0103tur\u0103 cu necesitatea men\u021binerii ordinii sanitare \u0219i red\u0103rii unui aspect adecvat teritoriului sectorului Centru, la indica\u021bia Prim\u0103riei municipiului Chi\u0219in\u0103u, \u00centreprinderile municipale de gestionare a fondului locativ, \u00centreprinderea municipal\u0103 \u201dAsocia\u021bia de gospod\u0103rire a spa\u021biilor verzi\u201d au ini\u021biat lucr\u0103rile de cosire a ierbii. Astfel, Pretura sectorului Centru, V\u0103 informeaz\u0103 c\u0103 \u00een conformitate cu Regulamentul privind salubrizarea&hellip;<\/p>","protected":false},"author":1,"featured_media":55519,"comment_status":"open","ping_status":"open","sticky":false,"template":"","format":"standard","meta":[],"categories":[243,244],"tags":[],"acf":[],"_links":{"self":[{"href":"https:\/\/chisinaucentru.md\/en\/wp-json\/wp\/v2\/posts\/55511"}],"collection":[{"href":"https:\/\/chisinaucentru.md\/en\/wp-json\/wp\/v2\/posts"}],"about":[{"href":"https:\/\/chisinaucentru.md\/en\/wp-json\/wp\/v2\/types\/post"}],"author":[{"embeddable":true,"href":"https:\/\/chisinaucentru.md\/en\/wp-json\/wp\/v2\/users\/1"}],"replies":[{"embeddable":true,"href":"https:\/\/chisinaucentru.md\/en\/wp-json\/wp\/v2\/comments?post=55511"}],"version-history":[{"count":0,"href":"https:\/\/chisinaucentru.md\/en\/wp-json\/wp\/v2\/posts\/55511\/revisions"}],"wp:featuredmedia":[{"embeddable":true,"href":"https:\/\/chisinaucentru.md\/en\/wp-json\/wp\/v2\/media\/55519"}],"wp:attachment":[{"href":"https:\/\/chisinaucentru.md\/en\/wp-json\/wp\/v2\/media?parent=55511"}],"wp:term":[{"taxonomy":"category","embeddable":true,"href":"https:\/\/chisinaucentru.md\/en\/wp-json\/wp\/v2\/categories?post=55511"},{"taxonomy":"post_tag","embeddable":true,"href":"https:\/\/chisinaucentru.md\/en\/wp-json\/wp\/v2\/tags?post=55511"}],"curies":[{"name":"wp","href":"https:\/\/api.w.org\/{rel}","templated":true}]}}