{"id":54613,"date":"2020-12-21T17:02:58","date_gmt":"2020-12-21T17:02:58","guid":{"rendered":"https:\/\/chisinaucentru.md\/?p=54613"},"modified":"2020-12-21T17:02:58","modified_gmt":"2020-12-21T17:02:58","slug":"sa-fim-alaturi-de-cei-care-au-nevoie-de-ajutor-si-sustinere-in-campania-cutia-lui-mos-craciun","status":"publish","type":"post","link":"https:\/\/chisinaucentru.md\/en\/sa-fim-alaturi-de-cei-care-au-nevoie-de-ajutor-si-sustinere-in-campania-cutia-lui-mos-craciun\/","title":{"rendered":"S\u0103 fim al\u0103turi de cei care au nevoie de ajutor si sus\u021binere \u00een Campania \u201cCutia lui Mo\u0219 Cr\u0103ciun\u201d"},"content":{"rendered":"<div class=\"vc_row wpb_row vc_row-fluid dt-default\" style=\"margin-top: 0px;margin-bottom: 0px\"><div class=\"wpb_column vc_column_container vc_col-sm-12\"><div class=\"vc_column-inner\"><div class=\"wpb_wrapper\">\n\t<div class=\"wpb_text_column wpb_content_element\" >\n\t\t<div class=\"wpb_wrapper\">\n\t\t\t<p>\u0218i anul acesta, ca de fiecare dat\u0103, \u00een ultimii ani, de S\u0103rb\u0103torile de Iarn\u0103, Pretura sectorului Centru a fost al\u0103turi de cei care au nevoie de ajutor \u0219i sus\u021binere. Astfel, \u00een cadrul Campaniei de caritate \u201cCutia lui Mo\u0219 Cr\u0103ciun\u201d, ini\u021biat\u0103 de c\u0103tre Pretorul sectorului Centru, Pavel Rusu, au beneficiat de pachete cu produse alimentare \u0219i de igien\u0103 40 de familii care au la \u00eentre\u021binere un membru cu nevoi speciale.<\/p>\n<p>Deasemenea, s-au bucurat de grija \u0219i aten\u021bia preturii 18 familii cu mul\u021bi copii care au venituri modeste, ace\u0219tia au primit colet cu produse alimentare, produse de igien\u0103 (detergen\u021bi, s\u0103pun lichid, \u0219ampon, past\u0103 de din\u021bi, etc.).<\/p>\n<p>Totodat\u0103, 65 de copii au primit haine de iarn\u0103 (\u00eenc\u0103l\u021b\u0103minte, scurte, c\u0103ciuli, m\u0103nu\u0219i, etc.), ghiozdane pline cu rechizite \u0219colare, precum \u0219i bomboane.<\/p>\n<p>\u00centr-o atmosfer\u0103 de cordialitate, cu mult respect \u0219i bun\u0103voin\u021b\u0103, pretorul sectorului Centru, Pavel Rusu, le-a dorit mult\u0103 s\u0103n\u0103tate, pace, lini\u015fte \u015fi a manifestat o profund\u0103 apreciere a realiz\u0103rilor lor pe parcursul vie\u0163ii.<\/p>\n<p>Aceste ac\u021biuni au fost posibile datorit\u0103 colabor\u0103rii sec\u021biei social economice din cadrul preturii cu agen\u021bii economici care au dat curs ini\u021biativei \u0219i au participat la campania de caritate.<\/p>\n<p>\u021ainem s\u0103 credem c\u0103 aceste gesturi sincere le-au d\u0103ruit din lumina \u0219i bucuria sfintelor s\u0103rb\u0103tori, dar \u0219i \u00eencrederea c\u0103 nu sunt da\u021bi uit\u0103rii.<\/p>\n<p>\u00cen acest context, \u00eendemn\u0103m oamenii cu poten\u021bial financiar s\u0103 nu ezite s\u0103 ofere o aten\u021bie persoanelor nevoia\u0219e, pentru c\u0103 aceasta le poate aduce o adev\u0103rat\u0103 mul\u021bumire sufleteasc\u0103.<\/p>\n\n\t\t<\/div>\n\t<\/div>\n<\/div><\/div><\/div><\/div><div class=\"vc_row wpb_row vc_row-fluid dt-default\" style=\"margin-top: 0px;margin-bottom: 0px\"><div class=\"wpb_column vc_column_container vc_col-sm-12\"><div class=\"vc_column-inner\"><div class=\"wpb_wrapper\">\n<div class=\"vc_grid-container-wrapper vc_clearfix vc_grid-animation-fadeIn\">\n\t<div class=\"vc_grid-container vc_clearfix wpb_content_element vc_media_grid\" data-initial-loading-animation=\"fadeIn\" data-vc-grid-settings=\"{&quot;page_id&quot;:54613,&quot;style&quot;:&quot;all&quot;,&quot;action&quot;:&quot;vc_get_vc_grid_data&quot;,&quot;shortcode_id&quot;:&quot;1608569856746-23ab2d7e-afec-7&quot;,&quot;tag&quot;:&quot;vc_media_grid&quot;}\" data-vc-request=\"https:\/\/chisinaucentru.md\/wp-admin\/admin-ajax.php\" data-vc-post-id=\"54613\" data-vc-public-nonce=\"39ce34e9ee\">\n\t\t\n\t<\/div>\n<\/div><\/div><\/div><\/div><\/div>","protected":false},"excerpt":{"rendered":"<p>\u0218i anul acesta, ca de fiecare dat\u0103, \u00een ultimii ani, de S\u0103rb\u0103torile de Iarn\u0103, Pretura sectorului Centru a fost al\u0103turi de cei care au nevoie de ajutor \u0219i sus\u021binere. Astfel, \u00een cadrul Campaniei de caritate \u201cCutia lui Mo\u0219 Cr\u0103ciun\u201d, ini\u021biat\u0103 de c\u0103tre Pretorul sectorului Centru, Pavel Rusu, au beneficiat de pachete cu produse alimentare \u0219i&hellip;<\/p>","protected":false},"author":3,"featured_media":54614,"comment_status":"open","ping_status":"open","sticky":false,"template":"","format":"standard","meta":[],"categories":[244],"tags":[],"acf":[],"_links":{"self":[{"href":"https:\/\/chisinaucentru.md\/en\/wp-json\/wp\/v2\/posts\/54613"}],"collection":[{"href":"https:\/\/chisinaucentru.md\/en\/wp-json\/wp\/v2\/posts"}],"about":[{"href":"https:\/\/chisinaucentru.md\/en\/wp-json\/wp\/v2\/types\/post"}],"author":[{"embeddable":true,"href":"https:\/\/chisinaucentru.md\/en\/wp-json\/wp\/v2\/users\/3"}],"replies":[{"embeddable":true,"href":"https:\/\/chisinaucentru.md\/en\/wp-json\/wp\/v2\/comments?post=54613"}],"version-history":[{"count":0,"href":"https:\/\/chisinaucentru.md\/en\/wp-json\/wp\/v2\/posts\/54613\/revisions"}],"wp:featuredmedia":[{"embeddable":true,"href":"https:\/\/chisinaucentru.md\/en\/wp-json\/wp\/v2\/media\/54614"}],"wp:attachment":[{"href":"https:\/\/chisinaucentru.md\/en\/wp-json\/wp\/v2\/media?parent=54613"}],"wp:term":[{"taxonomy":"category","embeddable":true,"href":"https:\/\/chisinaucentru.md\/en\/wp-json\/wp\/v2\/categories?post=54613"},{"taxonomy":"post_tag","embeddable":true,"href":"https:\/\/chisinaucentru.md\/en\/wp-json\/wp\/v2\/tags?post=54613"}],"curies":[{"name":"wp","href":"https:\/\/api.w.org\/{rel}","templated":true}]}}