{"id":54332,"date":"2020-11-20T09:40:15","date_gmt":"2020-11-20T09:40:15","guid":{"rendered":"https:\/\/chisinaucentru.md\/?p=54332"},"modified":"2020-11-20T09:40:34","modified_gmt":"2020-11-20T09:40:34","slug":"s-a-stins-din-viata-colegul-nostru-vladimir-tofan","status":"publish","type":"post","link":"https:\/\/chisinaucentru.md\/en\/s-a-stins-din-viata-colegul-nostru-vladimir-tofan\/","title":{"rendered":"S-a stins din via\u021b\u0103 colegul nostru, Vladimir Tofan"},"content":{"rendered":"<div class=\"vc_row wpb_row vc_row-fluid dt-default\" style=\"margin-top: 0px;margin-bottom: 0px\"><div class=\"wpb_column vc_column_container vc_col-sm-12\"><div class=\"vc_column-inner\"><div class=\"wpb_wrapper\">\n\t<div class=\"wpb_text_column wpb_content_element\" >\n\t\t<div class=\"wpb_wrapper\">\n\t\t\t<p>Cu profund regret, La 19 noiembrie 2020, s-a stins din via\u021b\u0103 Vladimir Tofan, \u0219ef Sec\u021bia cultur\u0103, tineret, sport din cadrul Preturii sectorului Centru.<\/p>\n<p>Vladimir Tofan \u0219i-a \u00eenchinat via\u021ba lumii artelor \u0219i culturii, activ\u00e2nd peste 24 ani \u00een cadrul Preturii, organiz\u00e2nd nenum\u0103rate evenimente cultural-artistice.<\/p>\n<p>Suntem profund \u00eendurera\u021bi de aceast\u0103 pierdere enorm\u0103 \u0219i \u00een aceste momente de mare triste\u021be, transmitem condolean\u021be \u0219i compasiune familiei \u00eendurerate.<\/p>\n<p>Dl Vladimir Tofan va r\u0103m\u00e2ne \u00een memoria noastr\u0103 un colaborator profesionist \u0219i devotat, un om luminos \u0219i de o rar\u0103 cumsec\u0103denie.<\/p>\n<p>&nbsp;<\/p>\n<p>Dumnezeu s\u0103-l odihneasc\u0103 \u00een pace.<\/p>\n\n\t\t<\/div>\n\t<\/div>\n<\/div><\/div><\/div><\/div>","protected":false},"excerpt":{"rendered":"<p>Cu profund regret, La 19 noiembrie 2020, s-a stins din via\u021b\u0103 Vladimir Tofan, \u0219ef Sec\u021bia cultur\u0103, tineret, sport din cadrul Preturii sectorului Centru. Vladimir Tofan \u0219i-a \u00eenchinat via\u021ba lumii artelor \u0219i culturii, activ\u00e2nd peste 24 ani \u00een cadrul Preturii, organiz\u00e2nd nenum\u0103rate evenimente cultural-artistice. Suntem profund \u00eendurera\u021bi de aceast\u0103 pierdere enorm\u0103 \u0219i \u00een aceste momente de&hellip;<\/p>","protected":false},"author":3,"featured_media":54333,"comment_status":"open","ping_status":"open","sticky":false,"template":"","format":"standard","meta":[],"categories":[244],"tags":[],"acf":[],"_links":{"self":[{"href":"https:\/\/chisinaucentru.md\/en\/wp-json\/wp\/v2\/posts\/54332"}],"collection":[{"href":"https:\/\/chisinaucentru.md\/en\/wp-json\/wp\/v2\/posts"}],"about":[{"href":"https:\/\/chisinaucentru.md\/en\/wp-json\/wp\/v2\/types\/post"}],"author":[{"embeddable":true,"href":"https:\/\/chisinaucentru.md\/en\/wp-json\/wp\/v2\/users\/3"}],"replies":[{"embeddable":true,"href":"https:\/\/chisinaucentru.md\/en\/wp-json\/wp\/v2\/comments?post=54332"}],"version-history":[{"count":0,"href":"https:\/\/chisinaucentru.md\/en\/wp-json\/wp\/v2\/posts\/54332\/revisions"}],"wp:featuredmedia":[{"embeddable":true,"href":"https:\/\/chisinaucentru.md\/en\/wp-json\/wp\/v2\/media\/54333"}],"wp:attachment":[{"href":"https:\/\/chisinaucentru.md\/en\/wp-json\/wp\/v2\/media?parent=54332"}],"wp:term":[{"taxonomy":"category","embeddable":true,"href":"https:\/\/chisinaucentru.md\/en\/wp-json\/wp\/v2\/categories?post=54332"},{"taxonomy":"post_tag","embeddable":true,"href":"https:\/\/chisinaucentru.md\/en\/wp-json\/wp\/v2\/tags?post=54332"}],"curies":[{"name":"wp","href":"https:\/\/api.w.org\/{rel}","templated":true}]}}