{"id":54020,"date":"2020-10-05T05:16:35","date_gmt":"2020-10-05T05:16:35","guid":{"rendered":"https:\/\/chisinaucentru.md\/?p=54020"},"modified":"2020-10-05T05:16:35","modified_gmt":"2020-10-05T05:16:35","slug":"elogiu-dascalului-drag","status":"publish","type":"post","link":"https:\/\/chisinaucentru.md\/en\/elogiu-dascalului-drag\/","title":{"rendered":"Elogiu dasc\u0103lului drag&#8230;"},"content":{"rendered":"<div class=\"vc_row wpb_row vc_row-fluid dt-default\" style=\"margin-top: 0px;margin-bottom: 0px\"><div class=\"wpb_column vc_column_container vc_col-sm-12\"><div class=\"vc_column-inner\"><div class=\"wpb_wrapper\">\n\t<div class=\"wpb_text_column wpb_content_element\" >\n\t\t<div class=\"wpb_wrapper\">\n\t\t\t<p>Generoasa toamn\u0103 ne aduce una dintre cele mai importante s\u0103rb\u0103tori, c\u00e2nd este elogiat rostul \u015fi str\u0103dania dasc\u0103lului, <em>a<\/em> <em>celui<\/em> <em>care s\u0103de\u015fte lumin\u0103 pentru lumina viitorului. <\/em><\/p>\n<p>De <em>Ziua profesional\u0103 a lucr\u0103torilor din \u00eenv\u0103\u0163\u0103m\u00e2nt,<\/em> aducem sincere felicit\u0103ri tuturor pedagogilor. Considera\u021biile noastre se \u00eendreapt\u0103 ast\u0103zi c\u0103tre Dumneavoastr\u0103, cei care forma\u0163i personalit\u0103\u0163i, con\u0219tientiz\u00e2nd c\u0103 activitatea didactic\u0103 se ridic\u0103 la rangul de art\u0103 \u00een a-i \u00eenv\u0103\u0163a pe al\u0163ii bine.<\/p>\n<p>V\u0103 r\u0103m\u00e2nem recunosc\u0103tori pentru dragostea necondi\u0163ionat\u0103 purtat\u0103 copiilor, pentru toat\u0103 str\u0103duin\u0163a \u015fi abnega\u0163ia \u00eentru edificarea spiritual\u0103 a tinerei genera\u0163ii.<\/p>\n<p>V\u0103 dorim c\u00e2t mai multe succese \u00een plan profesional, s\u0103n\u0103tate \u015fi putere pentru continuarea lucrului pe care-l face\u0163i cu d\u0103ruire, duc\u00e2nd pe umeri dulcea povar\u0103 a luminii!<\/p>\n\n\t\t<\/div>\n\t<\/div>\n<\/div><\/div><\/div><\/div>","protected":false},"excerpt":{"rendered":"<p>Generoasa toamn\u0103 ne aduce una dintre cele mai importante s\u0103rb\u0103tori, c\u00e2nd este elogiat rostul \u015fi str\u0103dania dasc\u0103lului, a celui care s\u0103de\u015fte lumin\u0103 pentru lumina viitorului. De Ziua profesional\u0103 a lucr\u0103torilor din \u00eenv\u0103\u0163\u0103m\u00e2nt, aducem sincere felicit\u0103ri tuturor pedagogilor. Considera\u021biile noastre se \u00eendreapt\u0103 ast\u0103zi c\u0103tre Dumneavoastr\u0103, cei care forma\u0163i personalit\u0103\u0163i, con\u0219tientiz\u00e2nd c\u0103 activitatea didactic\u0103 se ridic\u0103 la&hellip;<\/p>","protected":false},"author":3,"featured_media":54021,"comment_status":"open","ping_status":"open","sticky":false,"template":"","format":"standard","meta":[],"categories":[244],"tags":[],"acf":[],"_links":{"self":[{"href":"https:\/\/chisinaucentru.md\/en\/wp-json\/wp\/v2\/posts\/54020"}],"collection":[{"href":"https:\/\/chisinaucentru.md\/en\/wp-json\/wp\/v2\/posts"}],"about":[{"href":"https:\/\/chisinaucentru.md\/en\/wp-json\/wp\/v2\/types\/post"}],"author":[{"embeddable":true,"href":"https:\/\/chisinaucentru.md\/en\/wp-json\/wp\/v2\/users\/3"}],"replies":[{"embeddable":true,"href":"https:\/\/chisinaucentru.md\/en\/wp-json\/wp\/v2\/comments?post=54020"}],"version-history":[{"count":0,"href":"https:\/\/chisinaucentru.md\/en\/wp-json\/wp\/v2\/posts\/54020\/revisions"}],"wp:featuredmedia":[{"embeddable":true,"href":"https:\/\/chisinaucentru.md\/en\/wp-json\/wp\/v2\/media\/54021"}],"wp:attachment":[{"href":"https:\/\/chisinaucentru.md\/en\/wp-json\/wp\/v2\/media?parent=54020"}],"wp:term":[{"taxonomy":"category","embeddable":true,"href":"https:\/\/chisinaucentru.md\/en\/wp-json\/wp\/v2\/categories?post=54020"},{"taxonomy":"post_tag","embeddable":true,"href":"https:\/\/chisinaucentru.md\/en\/wp-json\/wp\/v2\/tags?post=54020"}],"curies":[{"name":"wp","href":"https:\/\/api.w.org\/{rel}","templated":true}]}}