{"id":53042,"date":"2020-06-03T06:02:07","date_gmt":"2020-06-03T06:02:07","guid":{"rendered":"https:\/\/chisinaucentru.md\/?p=53042"},"modified":"2020-06-04T06:02:35","modified_gmt":"2020-06-04T06:02:35","slug":"sedinta-de-lucru-intru-combaterea-comertului-neautorizat","status":"publish","type":"post","link":"https:\/\/chisinaucentru.md\/en\/sedinta-de-lucru-intru-combaterea-comertului-neautorizat\/","title":{"rendered":"\u0218edin\u021ba de lucru \u00eentru combaterea comer\u021bului neautorizat"},"content":{"rendered":"<div class=\"vc_row wpb_row vc_row-fluid dt-default\" style=\"margin-top: 0px;margin-bottom: 0px\"><div class=\"wpb_column vc_column_container vc_col-sm-12\"><div class=\"vc_column-inner\"><div class=\"wpb_wrapper\">\n\t<div class=\"wpb_text_column wpb_content_element\" >\n\t\t<div class=\"wpb_wrapper\">\n\t\t\t<div class=\"\" data-block=\"true\" data-editor=\"cfnt4\" data-offset-key=\"9g61r-0-0\">\n<div class=\"_1mf _1mj\" data-offset-key=\"9g61r-0-0\"><span data-offset-key=\"9g61r-0-0\">Ast\u0103zi, 03 iunie 2020, Pretorul sectorului Centru, Pavel Rusu, a desf\u0103\u0219urat \u0219edin\u021ba de lucru privind combaterea comer\u021bului neautorizat din perimetrul adiacent Pie\u021bei Centrale. La \u0219edin\u021b\u0103 au participat vicepretorul sectorului Centru, Dmitri Mitioglo, \u0219eful sec\u021biei social economic\u0103, Sergiu Andrian, administratorul Pie\u021bei Centrale, Ion P\u00eentea, administratorul G\u0103rilor Auto, Iurie Moroz, \u0219eful adjuct al Direc\u021biei de Poli\u021bie a municipiului Chi\u0219in\u0103u, Lilian Luca. \u00cen acest context, s-a discutat ac\u021biunile ce urmeaz\u0103 a fi \u00eentreprinse \u00eentru combaterea comer\u021bului neautorizat, evacuarea gheretelor amplasate neautorizat pe teritoriul adiacent Pie\u021bei Centrale, precum \u0219i salubrizarea teritoriului respectiv.<\/span><\/div>\n<\/div>\n<div class=\"\" data-block=\"true\" data-editor=\"cfnt4\" data-offset-key=\"bl8h9-0-0\">\n<div class=\"_1mf _1mj\" data-offset-key=\"bl8h9-0-0\"><span data-offset-key=\"bl8h9-0-0\">Deasemenea, s-a aten\u021bionat ca s\u0103 fie \u00eentreprinse m\u0103surile de rigoare \u00eentru prevenirea r\u0103sp\u00e2ndirii virusului COVID-19 .<\/span><\/div>\n<\/div>\n\n\t\t<\/div>\n\t<\/div>\n<\/div><\/div><\/div><\/div><div class=\"vc_row wpb_row vc_row-fluid dt-default\" style=\"margin-top: 0px;margin-bottom: 0px\"><div class=\"wpb_column vc_column_container vc_col-sm-12\"><div class=\"vc_column-inner\"><div class=\"wpb_wrapper\">\n<div class=\"vc_grid-container-wrapper vc_clearfix vc_grid-animation-fadeIn\">\n\t<div class=\"vc_grid-container vc_clearfix wpb_content_element vc_media_grid\" data-initial-loading-animation=\"fadeIn\" data-vc-grid-settings=\"{&quot;page_id&quot;:53042,&quot;style&quot;:&quot;all&quot;,&quot;action&quot;:&quot;vc_get_vc_grid_data&quot;,&quot;shortcode_id&quot;:&quot;1591250371839-5f5116b4-47c1-3&quot;,&quot;tag&quot;:&quot;vc_media_grid&quot;}\" data-vc-request=\"https:\/\/chisinaucentru.md\/wp-admin\/admin-ajax.php\" data-vc-post-id=\"53042\" data-vc-public-nonce=\"39ce34e9ee\">\n\t\t\n\t<\/div>\n<\/div><\/div><\/div><\/div><\/div>","protected":false},"excerpt":{"rendered":"<p>Ast\u0103zi, 03 iunie 2020, Pretorul sectorului Centru, Pavel Rusu, a desf\u0103\u0219urat \u0219edin\u021ba de lucru privind combaterea comer\u021bului neautorizat din perimetrul adiacent Pie\u021bei Centrale. La \u0219edin\u021b\u0103 au participat vicepretorul sectorului Centru, Dmitri Mitioglo, \u0219eful sec\u021biei social economic\u0103, Sergiu Andrian, administratorul Pie\u021bei Centrale, Ion P\u00eentea, administratorul G\u0103rilor Auto, Iurie Moroz, \u0219eful adjuct al Direc\u021biei de Poli\u021bie a&hellip;<\/p>","protected":false},"author":3,"featured_media":53044,"comment_status":"open","ping_status":"open","sticky":false,"template":"","format":"standard","meta":[],"categories":[244],"tags":[],"acf":[],"_links":{"self":[{"href":"https:\/\/chisinaucentru.md\/en\/wp-json\/wp\/v2\/posts\/53042"}],"collection":[{"href":"https:\/\/chisinaucentru.md\/en\/wp-json\/wp\/v2\/posts"}],"about":[{"href":"https:\/\/chisinaucentru.md\/en\/wp-json\/wp\/v2\/types\/post"}],"author":[{"embeddable":true,"href":"https:\/\/chisinaucentru.md\/en\/wp-json\/wp\/v2\/users\/3"}],"replies":[{"embeddable":true,"href":"https:\/\/chisinaucentru.md\/en\/wp-json\/wp\/v2\/comments?post=53042"}],"version-history":[{"count":0,"href":"https:\/\/chisinaucentru.md\/en\/wp-json\/wp\/v2\/posts\/53042\/revisions"}],"wp:featuredmedia":[{"embeddable":true,"href":"https:\/\/chisinaucentru.md\/en\/wp-json\/wp\/v2\/media\/53044"}],"wp:attachment":[{"href":"https:\/\/chisinaucentru.md\/en\/wp-json\/wp\/v2\/media?parent=53042"}],"wp:term":[{"taxonomy":"category","embeddable":true,"href":"https:\/\/chisinaucentru.md\/en\/wp-json\/wp\/v2\/categories?post=53042"},{"taxonomy":"post_tag","embeddable":true,"href":"https:\/\/chisinaucentru.md\/en\/wp-json\/wp\/v2\/tags?post=53042"}],"curies":[{"name":"wp","href":"https:\/\/api.w.org\/{rel}","templated":true}]}}