{"id":52933,"date":"2020-05-27T16:29:05","date_gmt":"2020-05-27T16:29:05","guid":{"rendered":"https:\/\/chisinaucentru.md\/?p=52933"},"modified":"2020-05-27T16:29:05","modified_gmt":"2020-05-27T16:29:05","slug":"plasarea-avizelor-de-instiintare-referitor-la-demontarea-gheretelor-din-str-armeneasca-54","status":"publish","type":"post","link":"https:\/\/chisinaucentru.md\/en\/plasarea-avizelor-de-instiintare-referitor-la-demontarea-gheretelor-din-str-armeneasca-54\/","title":{"rendered":"Plasarea avizelor de \u00een\u0219tiin\u021bare referitor la demontarea gheretelor din str. Armeneasc\u0103 54"},"content":{"rendered":"<div class=\"vc_row wpb_row vc_row-fluid dt-default\" style=\"margin-top: 0px;margin-bottom: 0px\"><div class=\"wpb_column vc_column_container vc_col-sm-12\"><div class=\"vc_column-inner\"><div class=\"wpb_wrapper\">\n\t<div class=\"wpb_text_column wpb_content_element\" >\n\t\t<div class=\"wpb_wrapper\">\n\t\t\t<p>Ast\u0103zi, 27.05.2020, de c\u0103tre colaboratorii sec\u021biei social \u2013 economice din cadrul Preturii\u00a0 sectorului Centru, au fost plasate avize privind \u00een\u0219tiin\u021barea proprietarului gheretelor din str. Armeneasc\u0103 nr. 54 despre demontarea \u0219i evacuarea acestora cu for\u021bele proprii p\u00e2n\u0103 la data de 01.06.2020.<\/p>\n<p>\u00cen caz contrar, gheretele vor fi demontate \u0219i evacuate for\u021bat de c\u0103tre subdiviziunile specializate ale Prim\u0103riei municipiului Chi\u0219in\u0103u.<\/p>\n<p>Pretura sectorului Centru aten\u021bioneaz\u0103 proprietarii unit\u0103\u021bilor de comer\u021b din sector c\u0103, gheretele instalate neautorizat, f\u0103r\u0103 acte de provenien\u021b\u0103 este necesar s\u0103 fie demontate \u0219i evacuate, \u00a0iar \u00een cazul c\u00e2nd ace\u0219tia nu se vor supune, vor fi demontate \u0219i evacuate \u00een mod for\u021bat.<\/p>\n\n\t\t<\/div>\n\t<\/div>\n<\/div><\/div><\/div><\/div><div class=\"vc_row wpb_row vc_row-fluid dt-default\" style=\"margin-top: 0px;margin-bottom: 0px\"><div class=\"wpb_column vc_column_container vc_col-sm-12\"><div class=\"vc_column-inner\"><div class=\"wpb_wrapper\">\n<div class=\"vc_grid-container-wrapper vc_clearfix vc_grid-animation-fadeIn\">\n\t<div class=\"vc_grid-container vc_clearfix wpb_content_element vc_media_grid\" data-initial-loading-animation=\"fadeIn\" data-vc-grid-settings=\"{&quot;page_id&quot;:52933,&quot;style&quot;:&quot;all&quot;,&quot;action&quot;:&quot;vc_get_vc_grid_data&quot;,&quot;shortcode_id&quot;:&quot;1590596898915-b2dbb742-1d56-9&quot;,&quot;tag&quot;:&quot;vc_media_grid&quot;}\" data-vc-request=\"https:\/\/chisinaucentru.md\/wp-admin\/admin-ajax.php\" data-vc-post-id=\"52933\" data-vc-public-nonce=\"c0809cca66\">\n\t\t\n\t<\/div>\n<\/div><\/div><\/div><\/div><\/div>","protected":false},"excerpt":{"rendered":"<p>Ast\u0103zi, 27.05.2020, de c\u0103tre colaboratorii sec\u021biei social \u2013 economice din cadrul Preturii\u00a0 sectorului Centru, au fost plasate avize privind \u00een\u0219tiin\u021barea proprietarului gheretelor din str. Armeneasc\u0103 nr. 54 despre demontarea \u0219i evacuarea acestora cu for\u021bele proprii p\u00e2n\u0103 la data de 01.06.2020. \u00cen caz contrar, gheretele vor fi demontate \u0219i evacuate for\u021bat de c\u0103tre subdiviziunile specializate ale&hellip;<\/p>","protected":false},"author":1,"featured_media":52940,"comment_status":"closed","ping_status":"closed","sticky":false,"template":"","format":"standard","meta":[],"categories":[244],"tags":[],"acf":[],"_links":{"self":[{"href":"https:\/\/chisinaucentru.md\/en\/wp-json\/wp\/v2\/posts\/52933"}],"collection":[{"href":"https:\/\/chisinaucentru.md\/en\/wp-json\/wp\/v2\/posts"}],"about":[{"href":"https:\/\/chisinaucentru.md\/en\/wp-json\/wp\/v2\/types\/post"}],"author":[{"embeddable":true,"href":"https:\/\/chisinaucentru.md\/en\/wp-json\/wp\/v2\/users\/1"}],"replies":[{"embeddable":true,"href":"https:\/\/chisinaucentru.md\/en\/wp-json\/wp\/v2\/comments?post=52933"}],"version-history":[{"count":0,"href":"https:\/\/chisinaucentru.md\/en\/wp-json\/wp\/v2\/posts\/52933\/revisions"}],"wp:featuredmedia":[{"embeddable":true,"href":"https:\/\/chisinaucentru.md\/en\/wp-json\/wp\/v2\/media\/52940"}],"wp:attachment":[{"href":"https:\/\/chisinaucentru.md\/en\/wp-json\/wp\/v2\/media?parent=52933"}],"wp:term":[{"taxonomy":"category","embeddable":true,"href":"https:\/\/chisinaucentru.md\/en\/wp-json\/wp\/v2\/categories?post=52933"},{"taxonomy":"post_tag","embeddable":true,"href":"https:\/\/chisinaucentru.md\/en\/wp-json\/wp\/v2\/tags?post=52933"}],"curies":[{"name":"wp","href":"https:\/\/api.w.org\/{rel}","templated":true}]}}