{"id":51702,"date":"2019-12-24T14:03:54","date_gmt":"2019-12-24T14:03:54","guid":{"rendered":"https:\/\/chisinaucentru.md\/?p=51702"},"modified":"2019-12-24T14:03:54","modified_gmt":"2019-12-24T14:03:54","slug":"spectacol-desfasurat-pentru-copii-din-sector-cu-prilejul-sarbatorilor-de-iarna","status":"publish","type":"post","link":"https:\/\/chisinaucentru.md\/en\/spectacol-desfasurat-pentru-copii-din-sector-cu-prilejul-sarbatorilor-de-iarna\/","title":{"rendered":"Spectacol desf\u0103\u0219urat pentru copii din sector, cu prilejul s\u0103rb\u0103torilor de iarn\u0103"},"content":{"rendered":"<div class=\"vc_row wpb_row vc_row-fluid dt-default\" style=\"margin-top: 0px;margin-bottom: 0px\"><div class=\"wpb_column vc_column_container vc_col-sm-12\"><div class=\"vc_column-inner\"><div class=\"wpb_wrapper\">\n\t<div class=\"wpb_text_column wpb_content_element\" >\n\t\t<div class=\"wpb_wrapper\">\n\t\t\t<p>Ast\u0103zi, la Centrul de Cultur\u0103 \u0219i Istorie Militar\u0103, cu prilejul s\u0103rb\u0103torilor de iarn\u0103 Pretura sectorului Centru \u00een parteneriat cu Direc\u021bia pentru Protec\u021bia Drepturilor Copilului sector Centru a organizat un spectacol dedicat copiilor din familii social &#8211; vulnerabile, copiilor cu dezabilit\u0103\u021bi \u0219i a celor r\u0103ma\u0219i f\u0103r\u0103 grij\u0103 p\u0103rinteasc\u0103.<br \/>\nEvenimentul a fost deschis de c\u0103tre conducerea Preturii \u0219i a Direc\u021biei pentru Protec\u021bia Drepturilor Copilului care ia felicitat pe copii cu s\u0103rb\u0103torile de iarn\u0103 \u0219i le-a dorit o vacan\u021b\u0103 c\u00e2t mai frumoas\u0103.<br \/>\nLa s\u0103rb\u0103toare au fost prezen\u021bi Mo\u0219 Cr\u0103ciun, Alba ca Z\u0103pada \u0219i alte personaje de poveste.<br \/>\nCopii au participat la concursuri, au dansat, au c\u00e2ntat, au colindat, iar pentru c\u0103 au fost cumin\u021bi pe parcursul \u00eentregului an, au primit daruri.<\/p>\n\n\t\t<\/div>\n\t<\/div>\n<\/div><\/div><\/div><\/div><div class=\"vc_row wpb_row vc_row-fluid dt-default\" style=\"margin-top: 0px;margin-bottom: 0px\"><div class=\"wpb_column vc_column_container vc_col-sm-12\"><div class=\"vc_column-inner\"><div class=\"wpb_wrapper\">\n<div class=\"vc_grid-container-wrapper vc_clearfix vc_grid-animation-fadeIn\">\n\t<div class=\"vc_grid-container vc_clearfix wpb_content_element vc_media_grid\" data-initial-loading-animation=\"fadeIn\" data-vc-grid-settings=\"{&quot;page_id&quot;:51702,&quot;style&quot;:&quot;all&quot;,&quot;action&quot;:&quot;vc_get_vc_grid_data&quot;,&quot;shortcode_id&quot;:&quot;1577196176501-285d72d0-2462-4&quot;,&quot;tag&quot;:&quot;vc_media_grid&quot;}\" data-vc-request=\"https:\/\/chisinaucentru.md\/wp-admin\/admin-ajax.php\" data-vc-post-id=\"51702\" data-vc-public-nonce=\"b7e9f1e002\">\n\t\t\n\t<\/div>\n<\/div><\/div><\/div><\/div><\/div>","protected":false},"excerpt":{"rendered":"<p>Ast\u0103zi, la Centrul de Cultur\u0103 \u0219i Istorie Militar\u0103, cu prilejul s\u0103rb\u0103torilor de iarn\u0103 Pretura sectorului Centru \u00een parteneriat cu Direc\u021bia pentru Protec\u021bia Drepturilor Copilului sector Centru a organizat un spectacol dedicat copiilor din familii social &#8211; vulnerabile, copiilor cu dezabilit\u0103\u021bi \u0219i a celor r\u0103ma\u0219i f\u0103r\u0103 grij\u0103 p\u0103rinteasc\u0103. Evenimentul a fost deschis de c\u0103tre conducerea Preturii&hellip;<\/p>","protected":false},"author":1,"featured_media":51712,"comment_status":"closed","ping_status":"closed","sticky":false,"template":"","format":"standard","meta":[],"categories":[244],"tags":[],"acf":[],"_links":{"self":[{"href":"https:\/\/chisinaucentru.md\/en\/wp-json\/wp\/v2\/posts\/51702"}],"collection":[{"href":"https:\/\/chisinaucentru.md\/en\/wp-json\/wp\/v2\/posts"}],"about":[{"href":"https:\/\/chisinaucentru.md\/en\/wp-json\/wp\/v2\/types\/post"}],"author":[{"embeddable":true,"href":"https:\/\/chisinaucentru.md\/en\/wp-json\/wp\/v2\/users\/1"}],"replies":[{"embeddable":true,"href":"https:\/\/chisinaucentru.md\/en\/wp-json\/wp\/v2\/comments?post=51702"}],"version-history":[{"count":0,"href":"https:\/\/chisinaucentru.md\/en\/wp-json\/wp\/v2\/posts\/51702\/revisions"}],"wp:featuredmedia":[{"embeddable":true,"href":"https:\/\/chisinaucentru.md\/en\/wp-json\/wp\/v2\/media\/51712"}],"wp:attachment":[{"href":"https:\/\/chisinaucentru.md\/en\/wp-json\/wp\/v2\/media?parent=51702"}],"wp:term":[{"taxonomy":"category","embeddable":true,"href":"https:\/\/chisinaucentru.md\/en\/wp-json\/wp\/v2\/categories?post=51702"},{"taxonomy":"post_tag","embeddable":true,"href":"https:\/\/chisinaucentru.md\/en\/wp-json\/wp\/v2\/tags?post=51702"}],"curies":[{"name":"wp","href":"https:\/\/api.w.org\/{rel}","templated":true}]}}