{"id":51128,"date":"2019-08-22T10:10:39","date_gmt":"2019-08-22T10:10:39","guid":{"rendered":"https:\/\/chisinaucentru.md\/?p=51128"},"modified":"2019-08-23T10:35:35","modified_gmt":"2019-08-23T10:35:35","slug":"initierea-lucrarilor-de-reparatie-a-strazii-constantin-varnav","status":"publish","type":"post","link":"https:\/\/chisinaucentru.md\/en\/initierea-lucrarilor-de-reparatie-a-strazii-constantin-varnav\/","title":{"rendered":"Ini\u021bierea lucr\u0103rilor de repara\u021bie a str\u0103zii Constantin V\u00e2rnav"},"content":{"rendered":"<div class=\"vc_row wpb_row vc_row-fluid dt-default\" style=\"margin-top: 0px;margin-bottom: 0px\"><div class=\"wpb_column vc_column_container vc_col-sm-12\"><div class=\"vc_column-inner\"><div class=\"wpb_wrapper\">\n\t<div class=\"wpb_text_column wpb_content_element\" >\n\t\t<div class=\"wpb_wrapper\">\n\t\t\t<p>La solicitarea locatarilor, Pretura sectorului Centru a \u00eenaintat propuneri Direc\u021biei generale transport public \u0219i c\u0103i de comunica\u021bie, pentru anul 2019, de fi executate lucr\u0103ri de repara\u021bie capital\u0103 a str\u0103zii Constantin V\u00eernav.<br \/>\nLa fa\u021ba locului au fost prezen\u021bi reprezentan\u021bii Preturii sectorului Centru, \u0218eful Direc\u021biei generale transport public \u0219i c\u0103i de comunica\u021bie, \u0218eful \u00ce.M. Regia \u201dExdrupo\u201d precum \u0219i consilieri municipali pentru a discuta cu locatarii str\u0103zii.<br \/>\nAstfel, de\u00a0<span class=\"text_exposed_show\">c\u0103tre \u00ce.M. Regia \u201dExdrupo\u201d au fost ini\u021biate lucr\u0103ri de repara\u021bie capital\u0103 a str\u0103zii Constantin V\u00eernav, cu executarea urm\u0103toarelor lucr\u0103ri:<br \/>\n&#8211; frezarea \u00eenveli\u0219ului de asfalt vechi \u0219i aplicarea \u00eenveli\u0219ului de asfalt la partea carosabil\u0103,<br \/>\n&#8211; demontare a bordurilor deteriorate \u0219i instalarea,<br \/>\n&#8211; ridicarea f\u00eent\u00eenilor la cot\u0103,<br \/>\n&#8211; amenajarea betonului asfaltic la trotuare.<\/span><\/p>\n\n\t\t<\/div>\n\t<\/div>\n<\/div><\/div><\/div><\/div><div class=\"vc_row wpb_row vc_row-fluid dt-default\" style=\"margin-top: 0px;margin-bottom: 0px\"><div class=\"wpb_column vc_column_container vc_col-sm-12\"><div class=\"vc_column-inner\"><div class=\"wpb_wrapper\">\n<div class=\"vc_grid-container-wrapper vc_clearfix vc_grid-animation-fadeIn\">\n\t<div class=\"vc_grid-container vc_clearfix wpb_content_element vc_media_grid\" data-initial-loading-animation=\"fadeIn\" data-vc-grid-settings=\"{&quot;page_id&quot;:51128,&quot;style&quot;:&quot;all&quot;,&quot;action&quot;:&quot;vc_get_vc_grid_data&quot;,&quot;shortcode_id&quot;:&quot;1566555476885-a735b713-26e8-9&quot;,&quot;tag&quot;:&quot;vc_media_grid&quot;}\" data-vc-request=\"https:\/\/chisinaucentru.md\/wp-admin\/admin-ajax.php\" data-vc-post-id=\"51128\" data-vc-public-nonce=\"39ce34e9ee\">\n\t\t\n\t<\/div>\n<\/div><\/div><\/div><\/div><\/div>","protected":false},"excerpt":{"rendered":"<p>La solicitarea locatarilor, Pretura sectorului Centru a \u00eenaintat propuneri Direc\u021biei generale transport public \u0219i c\u0103i de comunica\u021bie, pentru anul 2019, de fi executate lucr\u0103ri de repara\u021bie capital\u0103 a str\u0103zii Constantin V\u00eernav. La fa\u021ba locului au fost prezen\u021bi reprezentan\u021bii Preturii sectorului Centru, \u0218eful Direc\u021biei generale transport public \u0219i c\u0103i de comunica\u021bie, \u0218eful \u00ce.M. Regia \u201dExdrupo\u201d precum&hellip;<\/p>","protected":false},"author":3,"featured_media":51132,"comment_status":"open","ping_status":"open","sticky":false,"template":"","format":"standard","meta":[],"categories":[244],"tags":[],"acf":[],"_links":{"self":[{"href":"https:\/\/chisinaucentru.md\/en\/wp-json\/wp\/v2\/posts\/51128"}],"collection":[{"href":"https:\/\/chisinaucentru.md\/en\/wp-json\/wp\/v2\/posts"}],"about":[{"href":"https:\/\/chisinaucentru.md\/en\/wp-json\/wp\/v2\/types\/post"}],"author":[{"embeddable":true,"href":"https:\/\/chisinaucentru.md\/en\/wp-json\/wp\/v2\/users\/3"}],"replies":[{"embeddable":true,"href":"https:\/\/chisinaucentru.md\/en\/wp-json\/wp\/v2\/comments?post=51128"}],"version-history":[{"count":0,"href":"https:\/\/chisinaucentru.md\/en\/wp-json\/wp\/v2\/posts\/51128\/revisions"}],"wp:featuredmedia":[{"embeddable":true,"href":"https:\/\/chisinaucentru.md\/en\/wp-json\/wp\/v2\/media\/51132"}],"wp:attachment":[{"href":"https:\/\/chisinaucentru.md\/en\/wp-json\/wp\/v2\/media?parent=51128"}],"wp:term":[{"taxonomy":"category","embeddable":true,"href":"https:\/\/chisinaucentru.md\/en\/wp-json\/wp\/v2\/categories?post=51128"},{"taxonomy":"post_tag","embeddable":true,"href":"https:\/\/chisinaucentru.md\/en\/wp-json\/wp\/v2\/tags?post=51128"}],"curies":[{"name":"wp","href":"https:\/\/api.w.org\/{rel}","templated":true}]}}