{"id":51083,"date":"2019-08-09T11:29:10","date_gmt":"2019-08-09T11:29:10","guid":{"rendered":"https:\/\/chisinaucentru.md\/?p=51083"},"modified":"2019-08-09T11:29:10","modified_gmt":"2019-08-09T11:29:10","slug":"examinarea-in-teren-a-reamplasarii-tomberoanelor-de-acumulare-a-deseurilor","status":"publish","type":"post","link":"https:\/\/chisinaucentru.md\/en\/examinarea-in-teren-a-reamplasarii-tomberoanelor-de-acumulare-a-deseurilor\/","title":{"rendered":"Examinarea \u00een teren a reamplas\u0103rii tomberoanelor de acumulare a de\u0219eurilor"},"content":{"rendered":"<div class=\"vc_row wpb_row vc_row-fluid dt-default\" style=\"margin-top: 0px;margin-bottom: 0px\"><div class=\"wpb_column vc_column_container vc_col-sm-12\"><div class=\"vc_column-inner\"><div class=\"wpb_wrapper\">\n\t<div class=\"wpb_text_column wpb_content_element\" >\n\t\t<div class=\"wpb_wrapper\">\n\t\t\t<p>Pretura sectorului Centru a dat curs demersului \u00a0Direc\u021biei generale locativ comunale \u0219i amenajare\u00a0 nr. 921\/03-14 din 23.07.2019, prin care s-a solicitat examinarea la fa\u021ba locului a\u00a0 posibilit\u0103\u021bii de str\u0103mutare a terenului de acumulare a de\u0219eurilor din str. V. Micle, 1\/1.<\/p>\n<p>Astfel, \u00een teren s-a \u00eentrunit o comisie format\u0103 din reprezentan\u021bii Direc\u021biei Generale Locativ Comunale \u0219i Amenajare, Preturii sectorului Centru, \u00ce.M. Regia \u201eAutosalubritate\u201d \u0219i \u00centreprinderii Municipale\u00a0 de Gestionare a Fondului Locativ nr. 8, \u00een cadrul c\u0103reia \u00a0s-a decis ca terenul de acumulare a de\u0219eurilor din str. Veronica Micle s\u0103 fie str\u0103mutat la str. Vasile Alecsandri, pe partea opus\u0103 a str\u0103zii.<\/p>\n<p>Totodat\u0103, la adresarea locatarilor din str. Academiei,13,15,17 \u0219i \u0219os. H\u00e2nce\u0219ti, 62, \u00a0Pretura sectorului Centru, de comun cu \u00centreprinderea Municipal\u0103 de Gestionare a Fondului Locativ nr. 12\u00a0 a examinat la fa\u021ba locului \u0219i str\u0103mutarea terenului de acumulare\u00a0 a de\u0219eurilor amplasat \u00een curtea blocului locativ din \u0219os. H\u00e2nce\u0219ti, 62.<\/p>\n<p>\u00cen urma examin\u0103rii de c\u0103tre cei prezen\u021bi, au fost identificate c\u00e2teva solu\u021bii, care urmeaz\u0103 s\u0103 fie examinate de comun cu institu\u021biile de resort.<\/p>\n\n\t\t<\/div>\n\t<\/div>\n<\/div><\/div><\/div><\/div><div class=\"vc_row wpb_row vc_row-fluid dt-default\" style=\"margin-top: 0px;margin-bottom: 0px\"><div class=\"wpb_column vc_column_container vc_col-sm-12\"><div class=\"vc_column-inner\"><div class=\"wpb_wrapper\">\n<div class=\"vc_grid-container-wrapper vc_clearfix vc_grid-animation-fadeIn\">\n\t<div class=\"vc_grid-container vc_clearfix wpb_content_element vc_media_grid\" data-initial-loading-animation=\"fadeIn\" data-vc-grid-settings=\"{&quot;page_id&quot;:51083,&quot;style&quot;:&quot;all&quot;,&quot;action&quot;:&quot;vc_get_vc_grid_data&quot;,&quot;shortcode_id&quot;:&quot;1565350044063-01958fb5-28bf-6&quot;,&quot;tag&quot;:&quot;vc_media_grid&quot;}\" data-vc-request=\"https:\/\/chisinaucentru.md\/wp-admin\/admin-ajax.php\" data-vc-post-id=\"51083\" data-vc-public-nonce=\"b7e9f1e002\">\n\t\t\n\t<\/div>\n<\/div><\/div><\/div><\/div><\/div>","protected":false},"excerpt":{"rendered":"<p>Pretura sectorului Centru a dat curs demersului \u00a0Direc\u021biei generale locativ comunale \u0219i amenajare\u00a0 nr. 921\/03-14 din 23.07.2019, prin care s-a solicitat examinarea la fa\u021ba locului a\u00a0 posibilit\u0103\u021bii de str\u0103mutare a terenului de acumulare a de\u0219eurilor din str. V. Micle, 1\/1. Astfel, \u00een teren s-a \u00eentrunit o comisie format\u0103 din reprezentan\u021bii Direc\u021biei Generale Locativ Comunale \u0219i&hellip;<\/p>","protected":false},"author":1,"featured_media":51089,"comment_status":"closed","ping_status":"closed","sticky":false,"template":"","format":"standard","meta":[],"categories":[244],"tags":[],"acf":[],"_links":{"self":[{"href":"https:\/\/chisinaucentru.md\/en\/wp-json\/wp\/v2\/posts\/51083"}],"collection":[{"href":"https:\/\/chisinaucentru.md\/en\/wp-json\/wp\/v2\/posts"}],"about":[{"href":"https:\/\/chisinaucentru.md\/en\/wp-json\/wp\/v2\/types\/post"}],"author":[{"embeddable":true,"href":"https:\/\/chisinaucentru.md\/en\/wp-json\/wp\/v2\/users\/1"}],"replies":[{"embeddable":true,"href":"https:\/\/chisinaucentru.md\/en\/wp-json\/wp\/v2\/comments?post=51083"}],"version-history":[{"count":0,"href":"https:\/\/chisinaucentru.md\/en\/wp-json\/wp\/v2\/posts\/51083\/revisions"}],"wp:featuredmedia":[{"embeddable":true,"href":"https:\/\/chisinaucentru.md\/en\/wp-json\/wp\/v2\/media\/51089"}],"wp:attachment":[{"href":"https:\/\/chisinaucentru.md\/en\/wp-json\/wp\/v2\/media?parent=51083"}],"wp:term":[{"taxonomy":"category","embeddable":true,"href":"https:\/\/chisinaucentru.md\/en\/wp-json\/wp\/v2\/categories?post=51083"},{"taxonomy":"post_tag","embeddable":true,"href":"https:\/\/chisinaucentru.md\/en\/wp-json\/wp\/v2\/tags?post=51083"}],"curies":[{"name":"wp","href":"https:\/\/api.w.org\/{rel}","templated":true}]}}