{"id":51021,"date":"2019-08-01T12:43:51","date_gmt":"2019-08-01T12:43:51","guid":{"rendered":"https:\/\/chisinaucentru.md\/?p=51021"},"modified":"2019-08-01T12:43:51","modified_gmt":"2019-08-01T12:43:51","slug":"sedinta-de-lucru-cu-administratorii-blocurilor-din-sectorul-centru","status":"publish","type":"post","link":"https:\/\/chisinaucentru.md\/en\/sedinta-de-lucru-cu-administratorii-blocurilor-din-sectorul-centru\/","title":{"rendered":"\u0218edin\u021ba de lucru cu administratorii blocurilor din sectorul Centru"},"content":{"rendered":"<div class=\"vc_row wpb_row vc_row-fluid dt-default\" style=\"margin-top: 0px;margin-bottom: 0px\"><div class=\"wpb_column vc_column_container vc_col-sm-12\"><div class=\"vc_column-inner\"><div class=\"wpb_wrapper\">\n\t<div class=\"wpb_text_column wpb_content_element\" >\n\t\t<div class=\"wpb_wrapper\">\n\t\t\t<p>Ast\u0103zi, 1 august 2019, Pretorul sectorului Centru, Pavel Rusu a organizat o \u0219edin\u021b\u0103 de lucru la care au participat, \u0219eful serviciului Protec\u021bie civile a sectorului Centru, reprezentantul Direc\u021biei generale locativ comunale \u0219i amenajare, \u00a0vicepretorii\u00a0 pe domeniul edilitar \u0219i social &#8211; economic, sec\u021bia locativ comunal\u0103 a\u00a0 Preturii sectorului Centru, gestionarii fondului locativ, agen\u021bii economici \u0219i reprezentan\u021bii institu\u021biilor de \u00eenv\u0103\u021b\u0103m\u00e2nt din sector.<\/p>\n<p>\u0218edin\u021ba a avut drept scop informarea administratorilor blocurilor locative, cl\u0103dirilor institu\u021biilor, gr\u0103dini\u021belor, \u0219colilor obiectivelor de importan\u021b\u0103 social\u0103, referitor la cazul de pr\u0103bu\u0219ire a unei sc\u0103ri dintr-un bloc de locuit din ora\u0219ul Otaci, raionul Ocni\u021ba.\u00a0 \u00a0\u00cen acest sens, Pretorul sectorului Centru \u00a0a solicitat ca\u00a0 gestionarii blocurilor s\u0103 evalueze starea\u00a0 blocurilor din sector \u0219i s\u0103 prezinte la Pretur\u0103 un raport de constatare a neajunsurilor depistate.<\/p>\n<p>Conform ordinii de zi, \u00een cadrul \u0219edin\u021bei s-au pus \u00een discu\u021bie \u0219i alte subiecte cum ar fi, preg\u0103tirea obiectivelor c\u0103tre perioada rece a anului \u0219i men\u021binerea ordinii sanitare a teritoriilor adiacente blocurilor locative.<\/p>\n<p>Astfel,\u00a0 s-a solicitat\u00a0 de la \u00a0gestionarii fondului locativ s\u0103 asigure sp\u0103larea sistemelor de \u00eenc\u0103lzire interioare, repara\u021bia acoperi\u0219urilor, preg\u0103tirea inventarului pentru desz\u0103pezirea teritoriului \u00een perioada rece a anului \u0219i salubrizarea sistematic\u0103 a \u00a0teritoriilor adiacente \u00a0blocurilor.<\/p>\n<p>\u00cen urma discu\u021biilor din cadrul \u0219edin\u021bei \u0219i a problemelor abordate,\u00a0 Pretorul sectorului Centru \u00a0a men\u021bionat c\u0103 \u00a0conducerea Preturii sectorului Centru este dispus\u0103 s\u0103\u00a0\u00a0 intervin\u0103, conform competen\u021belor, \u00a0\u00een solu\u021bionarea problemelor cu care se confrunt\u0103 administratorii blocurilor locative din sector.<\/p>\n\n\t\t<\/div>\n\t<\/div>\n<\/div><\/div><\/div><\/div><div class=\"vc_row wpb_row vc_row-fluid dt-default\" style=\"margin-top: 0px;margin-bottom: 0px\"><div class=\"wpb_column vc_column_container vc_col-sm-12\"><div class=\"vc_column-inner\"><div class=\"wpb_wrapper\">\n<div class=\"vc_grid-container-wrapper vc_clearfix vc_grid-animation-fadeIn\">\n\t<div class=\"vc_grid-container vc_clearfix wpb_content_element vc_media_grid\" data-initial-loading-animation=\"fadeIn\" data-vc-grid-settings=\"{&quot;page_id&quot;:51021,&quot;style&quot;:&quot;all&quot;,&quot;action&quot;:&quot;vc_get_vc_grid_data&quot;,&quot;shortcode_id&quot;:&quot;1564663371909-7cc420c2-43ba-7&quot;,&quot;tag&quot;:&quot;vc_media_grid&quot;}\" data-vc-request=\"https:\/\/chisinaucentru.md\/wp-admin\/admin-ajax.php\" data-vc-post-id=\"51021\" data-vc-public-nonce=\"39ce34e9ee\">\n\t\t\n\t<\/div>\n<\/div><\/div><\/div><\/div><\/div>","protected":false},"excerpt":{"rendered":"<p>Ast\u0103zi, 1 august 2019, Pretorul sectorului Centru, Pavel Rusu a organizat o \u0219edin\u021b\u0103 de lucru la care au participat, \u0219eful serviciului Protec\u021bie civile a sectorului Centru, reprezentantul Direc\u021biei generale locativ comunale \u0219i amenajare, \u00a0vicepretorii\u00a0 pe domeniul edilitar \u0219i social &#8211; economic, sec\u021bia locativ comunal\u0103 a\u00a0 Preturii sectorului Centru, gestionarii fondului locativ, agen\u021bii economici \u0219i reprezentan\u021bii&hellip;<\/p>","protected":false},"author":1,"featured_media":51026,"comment_status":"closed","ping_status":"closed","sticky":false,"template":"","format":"standard","meta":[],"categories":[244],"tags":[],"acf":[],"_links":{"self":[{"href":"https:\/\/chisinaucentru.md\/en\/wp-json\/wp\/v2\/posts\/51021"}],"collection":[{"href":"https:\/\/chisinaucentru.md\/en\/wp-json\/wp\/v2\/posts"}],"about":[{"href":"https:\/\/chisinaucentru.md\/en\/wp-json\/wp\/v2\/types\/post"}],"author":[{"embeddable":true,"href":"https:\/\/chisinaucentru.md\/en\/wp-json\/wp\/v2\/users\/1"}],"replies":[{"embeddable":true,"href":"https:\/\/chisinaucentru.md\/en\/wp-json\/wp\/v2\/comments?post=51021"}],"version-history":[{"count":0,"href":"https:\/\/chisinaucentru.md\/en\/wp-json\/wp\/v2\/posts\/51021\/revisions"}],"wp:featuredmedia":[{"embeddable":true,"href":"https:\/\/chisinaucentru.md\/en\/wp-json\/wp\/v2\/media\/51026"}],"wp:attachment":[{"href":"https:\/\/chisinaucentru.md\/en\/wp-json\/wp\/v2\/media?parent=51021"}],"wp:term":[{"taxonomy":"category","embeddable":true,"href":"https:\/\/chisinaucentru.md\/en\/wp-json\/wp\/v2\/categories?post=51021"},{"taxonomy":"post_tag","embeddable":true,"href":"https:\/\/chisinaucentru.md\/en\/wp-json\/wp\/v2\/tags?post=51021"}],"curies":[{"name":"wp","href":"https:\/\/api.w.org\/{rel}","templated":true}]}}