{"id":50808,"date":"2019-07-08T10:30:30","date_gmt":"2019-07-08T10:30:30","guid":{"rendered":"https:\/\/chisinaucentru.md\/?p=50808"},"modified":"2019-07-08T10:30:30","modified_gmt":"2019-07-08T10:30:30","slug":"desfasurarea-actiunilor-de-comemorare-consacrate-victimelor-deportarilor-in-masa","status":"publish","type":"post","link":"https:\/\/chisinaucentru.md\/en\/desfasurarea-actiunilor-de-comemorare-consacrate-victimelor-deportarilor-in-masa\/","title":{"rendered":"Desf\u0103\u0219urarea ac\u021biunilor de comemorare consacrate victimelor deport\u0103rilor \u00een mas\u0103"},"content":{"rendered":"<div class=\"vc_row wpb_row vc_row-fluid dt-default\" style=\"margin-top: 0px;margin-bottom: 0px\"><div class=\"wpb_column vc_column_container vc_col-sm-12\"><div class=\"vc_column-inner\"><div class=\"wpb_wrapper\">\n\t<div class=\"wpb_text_column wpb_content_element\" >\n\t\t<div class=\"wpb_wrapper\">\n\t\t\t<p>La data de 06.07.2019, conform dispozi\u021biei pretorului nr. 76 \u2013 d din 01 iulie 2019, \u00een sectorul Centru s-au desf\u0103\u0219urat ac\u021biuni de comemorare \u00a0consacrate victimelor deport\u0103rilor \u00een mas\u0103 \u0219i \u00eemplinirii a 70 de ani de la cel de &#8211; al doilea val de deport\u0103ri comuniste.<\/p>\n<p>Conform programului, la Monumentul victimelor deport\u0103rilor din str. Pia\u021ba G\u0103rii 1, au avut loc depuneri de flori \u00een memoria celor ce au avut de suferit \u00een urma deport\u0103rilor.<\/p>\n<p>Evenimentul a continuat cu o mas\u0103 de pomenire organizat\u0103 de Pretura sectorului Centru, \u00een incinta cafenelei \u201e Dan Marco\u201d, str. Gh. Asachi nr. 76,\u00a0 \u00a0la care au participat 100 de persoane din sector, victime ale deport\u0103rilor sovietice .<\/p>\n<p>Pretura sectorului Centru, aduce mul\u021bumiri S.R.L. \u201e Dan Marco\u201d pentru colaborare \u0219i acordarea localului.<\/p>\n\n\t\t<\/div>\n\t<\/div>\n<\/div><\/div><\/div><\/div><div class=\"vc_row wpb_row vc_row-fluid dt-default\" style=\"margin-top: 0px;margin-bottom: 0px\"><div class=\"wpb_column vc_column_container vc_col-sm-12\"><div class=\"vc_column-inner\"><div class=\"wpb_wrapper\">\n<div class=\"vc_grid-container-wrapper vc_clearfix vc_grid-animation-fadeIn\">\n\t<div class=\"vc_grid-container vc_clearfix wpb_content_element vc_media_grid\" data-initial-loading-animation=\"fadeIn\" data-vc-grid-settings=\"{&quot;page_id&quot;:50808,&quot;style&quot;:&quot;all&quot;,&quot;action&quot;:&quot;vc_get_vc_grid_data&quot;,&quot;shortcode_id&quot;:&quot;1562581785063-844fea32-ae9c-6&quot;,&quot;tag&quot;:&quot;vc_media_grid&quot;}\" data-vc-request=\"https:\/\/chisinaucentru.md\/wp-admin\/admin-ajax.php\" data-vc-post-id=\"50808\" data-vc-public-nonce=\"39ce34e9ee\">\n\t\t\n\t<\/div>\n<\/div><\/div><\/div><\/div><\/div>","protected":false},"excerpt":{"rendered":"<p>La data de 06.07.2019, conform dispozi\u021biei pretorului nr. 76 \u2013 d din 01 iulie 2019, \u00een sectorul Centru s-au desf\u0103\u0219urat ac\u021biuni de comemorare \u00a0consacrate victimelor deport\u0103rilor \u00een mas\u0103 \u0219i \u00eemplinirii a 70 de ani de la cel de &#8211; al doilea val de deport\u0103ri comuniste. Conform programului, la Monumentul victimelor deport\u0103rilor din str. Pia\u021ba G\u0103rii&hellip;<\/p>","protected":false},"author":1,"featured_media":50809,"comment_status":"closed","ping_status":"closed","sticky":false,"template":"","format":"standard","meta":[],"categories":[244],"tags":[],"acf":[],"_links":{"self":[{"href":"https:\/\/chisinaucentru.md\/en\/wp-json\/wp\/v2\/posts\/50808"}],"collection":[{"href":"https:\/\/chisinaucentru.md\/en\/wp-json\/wp\/v2\/posts"}],"about":[{"href":"https:\/\/chisinaucentru.md\/en\/wp-json\/wp\/v2\/types\/post"}],"author":[{"embeddable":true,"href":"https:\/\/chisinaucentru.md\/en\/wp-json\/wp\/v2\/users\/1"}],"replies":[{"embeddable":true,"href":"https:\/\/chisinaucentru.md\/en\/wp-json\/wp\/v2\/comments?post=50808"}],"version-history":[{"count":0,"href":"https:\/\/chisinaucentru.md\/en\/wp-json\/wp\/v2\/posts\/50808\/revisions"}],"wp:featuredmedia":[{"embeddable":true,"href":"https:\/\/chisinaucentru.md\/en\/wp-json\/wp\/v2\/media\/50809"}],"wp:attachment":[{"href":"https:\/\/chisinaucentru.md\/en\/wp-json\/wp\/v2\/media?parent=50808"}],"wp:term":[{"taxonomy":"category","embeddable":true,"href":"https:\/\/chisinaucentru.md\/en\/wp-json\/wp\/v2\/categories?post=50808"},{"taxonomy":"post_tag","embeddable":true,"href":"https:\/\/chisinaucentru.md\/en\/wp-json\/wp\/v2\/tags?post=50808"}],"curies":[{"name":"wp","href":"https:\/\/api.w.org\/{rel}","templated":true}]}}