{"id":49139,"date":"2019-01-12T07:16:20","date_gmt":"2019-01-12T07:16:20","guid":{"rendered":"https:\/\/chisinaucentru.md\/?p=49139"},"modified":"2019-01-12T07:16:20","modified_gmt":"2019-01-12T07:16:20","slug":"actiuni-intreprinse-pe-timp-de-noapte-intru-deszapezirea-sectorului-centru","status":"publish","type":"post","link":"https:\/\/chisinaucentru.md\/en\/actiuni-intreprinse-pe-timp-de-noapte-intru-deszapezirea-sectorului-centru\/","title":{"rendered":"Ac\u0163iuni \u00eentreprinse pe timp de noapte  \u00eentru desz\u0103pezirea sectorului Centru"},"content":{"rendered":"<div class=\"vc_row wpb_row vc_row-fluid dt-default\" style=\"margin-top: 0px;margin-bottom: 0px\"><div class=\"wpb_column vc_column_container vc_col-sm-12\"><div class=\"vc_column-inner\"><div class=\"wpb_wrapper\">\n\t<div class=\"wpb_text_column wpb_content_element\" >\n\t\t<div class=\"wpb_wrapper\">\n\t\t\t<p>\u00cen sectorul Centru pe timpul nop\u0163ii au fost antrenate de la \u00ce.M. Regiei \u201eExdrupo\u201d 6 unit\u0103\u0163i de tehnic\u0103 specializat\u0103: 3 Kamazuri la cur\u0103\u0163are \u015fi \u00eempr\u0103\u015ftiere cu material antiderapant, 2 tractoare cu perie \u015fi lam\u0103, 1 greider, \u015fi au executat lucr\u0103ri de cur\u0103\u0163are \u015fi presurare cu material antiderapant la partea carosabil\u0103 a str\u0103zilor principale:<\/p>\n<ol>\n<li>\u015etefan cel Mare \u015fi Sf\u00e2nt; bd. Iu. Gagarin; bd. C. Negruzzi; bd. D. Cantemir; str. Ismail; str. Grenoble; str. Pan Halippa; str. Vasile Alecsandri; str. A. Mateevici; str. Gh. Asachi; \u015fos. H\u00eence\u015fti; str. Miori\u0163a; str. Pu\u015fkin; str. 31 august 1989; \u00a0str. Bucure\u015fti; str. Lev Tolstoi; str. N. Testemi\u0163eanu; str. M. Eminescu.<\/li>\n<\/ol>\n<p>\u00ce.M. Servicii locative Centru cu tehnica specializat\u0103 6 tractoare cu perie \u015fi lam\u0103 \u015fi dou\u0103 unit\u0103\u0163i de Haco pe timpul nop\u0163ii au executat lucr\u0103rile de desz\u0103pezire a trotuarelor \u015fi acceselor c\u0103tre cur\u0163i de bloc la partea central\u0103 a sectorului \u015fi ulterior la Telecentru.<\/p>\n<p>\u00centreprinderile municipale de gestionare a fondului locativ nr. 8-12 cu un num\u0103r de 77 muncitori execut\u0103 lucr\u0103ri de desz\u0103pezire a sta\u0163iilor de a\u015fteptare a pasagerilor, trecerilor de pietoni \u015fi accesele c\u0103tre sc\u0103rile blocurilor locative (bd. \u015etefan cel Mare \u015fi Sf\u00e2nt, str. M. Eminescu, str. A. Pu\u015fkin, str. Ismail, C. Negruzzi, Grenoble, Gh. Asachi, Pan Halippa, str. V. Alecsandri).<\/p>\n<p>\u00centreprinderea municipal\u0103 Asocia\u0163ia de gospod\u0103rire a spa\u0163iilor verzi cu un num\u0103r de 53 de muncitori execut\u0103 lucr\u0103ri de desz\u0103pezire a aleilor din scuare \u015fi parcurile din sector<\/p>\n\n\t\t<\/div>\n\t<\/div>\n<\/div><\/div><\/div><\/div><div class=\"vc_row wpb_row vc_row-fluid dt-default\" style=\"margin-top: 0px;margin-bottom: 0px\"><div class=\"wpb_column vc_column_container vc_col-sm-12\"><div class=\"vc_column-inner\"><div class=\"wpb_wrapper\">\n<div class=\"vc_grid-container-wrapper vc_clearfix vc_grid-animation-fadeIn\">\n\t<div class=\"vc_grid-container vc_clearfix wpb_content_element vc_media_grid\" data-initial-loading-animation=\"fadeIn\" data-vc-grid-settings=\"{&quot;page_id&quot;:49139,&quot;style&quot;:&quot;all&quot;,&quot;action&quot;:&quot;vc_get_vc_grid_data&quot;,&quot;shortcode_id&quot;:&quot;1547276522162-a57f9c9c-772b-4&quot;,&quot;tag&quot;:&quot;vc_media_grid&quot;}\" data-vc-request=\"https:\/\/chisinaucentru.md\/wp-admin\/admin-ajax.php\" data-vc-post-id=\"49139\" data-vc-public-nonce=\"39ce34e9ee\">\n\t\t\n\t<\/div>\n<\/div><\/div><\/div><\/div><\/div>","protected":false},"excerpt":{"rendered":"<p>\u00cen sectorul Centru pe timpul nop\u0163ii au fost antrenate de la \u00ce.M. Regiei \u201eExdrupo\u201d 6 unit\u0103\u0163i de tehnic\u0103 specializat\u0103: 3 Kamazuri la cur\u0103\u0163are \u015fi \u00eempr\u0103\u015ftiere cu material antiderapant, 2 tractoare cu perie \u015fi lam\u0103, 1 greider, \u015fi au executat lucr\u0103ri de cur\u0103\u0163are \u015fi presurare cu material antiderapant la partea carosabil\u0103 a str\u0103zilor principale: \u015etefan cel&hellip;<\/p>","protected":false},"author":3,"featured_media":49159,"comment_status":"open","ping_status":"open","sticky":false,"template":"","format":"standard","meta":[],"categories":[244],"tags":[],"acf":[],"_links":{"self":[{"href":"https:\/\/chisinaucentru.md\/en\/wp-json\/wp\/v2\/posts\/49139"}],"collection":[{"href":"https:\/\/chisinaucentru.md\/en\/wp-json\/wp\/v2\/posts"}],"about":[{"href":"https:\/\/chisinaucentru.md\/en\/wp-json\/wp\/v2\/types\/post"}],"author":[{"embeddable":true,"href":"https:\/\/chisinaucentru.md\/en\/wp-json\/wp\/v2\/users\/3"}],"replies":[{"embeddable":true,"href":"https:\/\/chisinaucentru.md\/en\/wp-json\/wp\/v2\/comments?post=49139"}],"version-history":[{"count":0,"href":"https:\/\/chisinaucentru.md\/en\/wp-json\/wp\/v2\/posts\/49139\/revisions"}],"wp:featuredmedia":[{"embeddable":true,"href":"https:\/\/chisinaucentru.md\/en\/wp-json\/wp\/v2\/media\/49159"}],"wp:attachment":[{"href":"https:\/\/chisinaucentru.md\/en\/wp-json\/wp\/v2\/media?parent=49139"}],"wp:term":[{"taxonomy":"category","embeddable":true,"href":"https:\/\/chisinaucentru.md\/en\/wp-json\/wp\/v2\/categories?post=49139"},{"taxonomy":"post_tag","embeddable":true,"href":"https:\/\/chisinaucentru.md\/en\/wp-json\/wp\/v2\/tags?post=49139"}],"curies":[{"name":"wp","href":"https:\/\/api.w.org\/{rel}","templated":true}]}}