{"id":48931,"date":"2018-11-30T16:28:10","date_gmt":"2018-11-30T16:28:10","guid":{"rendered":"https:\/\/chisinaucentru.md\/?p=48931"},"modified":"2018-11-30T16:28:10","modified_gmt":"2018-11-30T16:28:10","slug":"100-de-ani-de-la-marea-unire","status":"publish","type":"post","link":"https:\/\/chisinaucentru.md\/en\/100-de-ani-de-la-marea-unire\/","title":{"rendered":"100 de ani de la Marea Unire"},"content":{"rendered":"<div class=\"vc_row wpb_row vc_row-fluid dt-default\" style=\"margin-top: 0px;margin-bottom: 0px\"><div class=\"wpb_column vc_column_container vc_col-sm-12\"><div class=\"vc_column-inner\"><div class=\"wpb_wrapper\">\n\t<div class=\"wpb_text_column wpb_content_element\" >\n\t\t<div class=\"wpb_wrapper\">\n\t\t\t<p>Cu prilejul a 100 de ani de la Marea Unire, \u00een cadrul sectorului Centru au fost organizate \u015fi desf\u0103\u015furate multiple activit\u0103\u0163i cultural &#8211; artistice, sportive, cognitive, lec\u021bii publice: conferin\u021ba \u0219tiin\u021bific\u0103 interna\u021bional\u0103 <em>100 de ani de la unirea Basarabiei cu Rom\u00e2nia<\/em>, manifest\u0103ri consacrate centenarului Marii Uniri, vernisaj expozi\u021bii foto <em>Mi\u0219carea na\u021bional\u0103 din Basarabia<\/em>, organizate \u00een colaborare cu CCIM, lec\u021bii publice &#8211; Biblioteca public\u0103 \u201eOvidius\u201d: <em>Crearea Statului Modern la<\/em> <em>rom\u00e2ni<\/em> (invita\u021bi: Teodor Candu, doctor \u00een istorie, Tudor Ciobanu, cercet\u0103tor \u0219tiin\u021bific), <em>Basarabenii &#8211; f\u0103uritorii Statului Na\u021bional Rom\u00e2n<\/em> (invitat: Ion Negrei, vicepre\u0219edintele Asocia\u0163iei Istoricilor Republica Moldova), <em>100 de ani de la \u00eencheierea Primului R\u0103zboi Mondial<\/em> (invitat\u00a0 Mihai Ta\u0219c\u0103, doctor \u00een \u0219tiin\u021be juridice), <em>100 de ani de la crearea Statului Na\u021bional Rom\u00e2n<\/em> (invitat Veaceslav St\u0103vil\u0103, doctor \u00een \u0219tiin\u021be istorice), sus\u021binere logistic\u0103 a expozi\u021biei &#8211; concurs de art\u0103 contemporan\u0103\u00a0 \u201eSaloanele\u00a0 Moldovei\u201d, dedicat\u0103 a 100 de ani de la Marea Unire, organizat\u0103 de UAPM, competi\u0163ii sportive la volei\/baschet\/tenis de mas\u0103\/curse de alerg\u0103ri; ciclu de lec\u021bii civice, de istorie \u0219i patriotism, concursuri, expozi\u021bii tematice, ac\u021biuni interactive \u00een cadrul institu\u021biilor de \u00eenv\u0103\u021b\u0103m\u00e2nt secundar general \u0219i extra\u0219colar cu genericul\u00a0 Marii Uniri de la 1918, conform programului prestabilit.<\/p>\n<p>Centrul de Creatie a Copiilor \u201dFloarea Soarelui\u201d sectorul Centru a organizat un concert dedicat Centenarului Marii Uniri. Colectivele artistice au prezentat cele mai frumoase c\u00e2ntece, poezii cu tematic\u0103 patriotic\u0103. Copiii din IPLT \u201dGh.Asachi\u201d au fost o surpiz\u0103 \u00een cadrul programului artistic.<\/p>\n<p><strong>\u00a0<\/strong><\/p>\n\n\t\t<\/div>\n\t<\/div>\n<\/div><\/div><\/div><\/div><div class=\"vc_row wpb_row vc_row-fluid dt-default\" style=\"margin-top: 0px;margin-bottom: 0px\"><div class=\"wpb_column vc_column_container vc_col-sm-12\"><div class=\"vc_column-inner\"><div class=\"wpb_wrapper\">\n<div class=\"vc_grid-container-wrapper vc_clearfix vc_grid-animation-fadeIn\">\n\t<div class=\"vc_grid-container vc_clearfix wpb_content_element vc_media_grid\" data-initial-loading-animation=\"fadeIn\" data-vc-grid-settings=\"{&quot;page_id&quot;:48931,&quot;style&quot;:&quot;all&quot;,&quot;action&quot;:&quot;vc_get_vc_grid_data&quot;,&quot;shortcode_id&quot;:&quot;1543594444307-822e4e30-329b-5&quot;,&quot;tag&quot;:&quot;vc_media_grid&quot;}\" data-vc-request=\"https:\/\/chisinaucentru.md\/wp-admin\/admin-ajax.php\" data-vc-post-id=\"48931\" data-vc-public-nonce=\"39ce34e9ee\">\n\t\t\n\t<\/div>\n<\/div><\/div><\/div><\/div><\/div>","protected":false},"excerpt":{"rendered":"<p>Cu prilejul a 100 de ani de la Marea Unire, \u00een cadrul sectorului Centru au fost organizate \u015fi desf\u0103\u015furate multiple activit\u0103\u0163i cultural &#8211; artistice, sportive, cognitive, lec\u021bii publice: conferin\u021ba \u0219tiin\u021bific\u0103 interna\u021bional\u0103 100 de ani de la unirea Basarabiei cu Rom\u00e2nia, manifest\u0103ri consacrate centenarului Marii Uniri, vernisaj expozi\u021bii foto Mi\u0219carea na\u021bional\u0103 din Basarabia, organizate \u00een colaborare&hellip;<\/p>","protected":false},"author":3,"featured_media":48939,"comment_status":"open","ping_status":"open","sticky":false,"template":"","format":"standard","meta":[],"categories":[244],"tags":[],"acf":[],"_links":{"self":[{"href":"https:\/\/chisinaucentru.md\/en\/wp-json\/wp\/v2\/posts\/48931"}],"collection":[{"href":"https:\/\/chisinaucentru.md\/en\/wp-json\/wp\/v2\/posts"}],"about":[{"href":"https:\/\/chisinaucentru.md\/en\/wp-json\/wp\/v2\/types\/post"}],"author":[{"embeddable":true,"href":"https:\/\/chisinaucentru.md\/en\/wp-json\/wp\/v2\/users\/3"}],"replies":[{"embeddable":true,"href":"https:\/\/chisinaucentru.md\/en\/wp-json\/wp\/v2\/comments?post=48931"}],"version-history":[{"count":0,"href":"https:\/\/chisinaucentru.md\/en\/wp-json\/wp\/v2\/posts\/48931\/revisions"}],"wp:featuredmedia":[{"embeddable":true,"href":"https:\/\/chisinaucentru.md\/en\/wp-json\/wp\/v2\/media\/48939"}],"wp:attachment":[{"href":"https:\/\/chisinaucentru.md\/en\/wp-json\/wp\/v2\/media?parent=48931"}],"wp:term":[{"taxonomy":"category","embeddable":true,"href":"https:\/\/chisinaucentru.md\/en\/wp-json\/wp\/v2\/categories?post=48931"},{"taxonomy":"post_tag","embeddable":true,"href":"https:\/\/chisinaucentru.md\/en\/wp-json\/wp\/v2\/tags?post=48931"}],"curies":[{"name":"wp","href":"https:\/\/api.w.org\/{rel}","templated":true}]}}