{"id":48784,"date":"2018-11-08T14:55:04","date_gmt":"2018-11-08T14:55:04","guid":{"rendered":"https:\/\/chisinaucentru.md\/?p=48784"},"modified":"2018-11-09T12:42:05","modified_gmt":"2018-11-09T12:42:05","slug":"participam-la-colectarea-si-evacuarea-frunzisului-din-teritoriul-sectorului-centru","status":"publish","type":"post","link":"https:\/\/chisinaucentru.md\/en\/participam-la-colectarea-si-evacuarea-frunzisului-din-teritoriul-sectorului-centru\/","title":{"rendered":"Particip\u0103m la colectarea \u0219i evacuarea frunzi\u0219ului din teritoriul sectorului Centru"},"content":{"rendered":"<div class=\"vc_row wpb_row vc_row-fluid dt-default\" style=\"margin-top: 0px;margin-bottom: 0px\"><div class=\"wpb_column vc_column_container vc_col-sm-12\"><div class=\"vc_column-inner\"><div class=\"wpb_wrapper\">\n\t<div class=\"wpb_text_column wpb_content_element\" >\n\t\t<div class=\"wpb_wrapper\">\n\t\t\t<p>La ini\u0163iativa dlui Ruslan Codreanu, Primar General interimar al municipiului Chi\u015fin\u0103u, Pretura sectorului Centru a elaborat programul de lucru pentru ziua de 10.11.2018 privind organizarea lucr\u0103rilor de salubrizare \u015fi evacuare a frunzi\u015fului din teritoriul sectorului Centru.<\/p>\n<p>\u00cen acest sens, \u00eendemn\u0103m locatarii din sectorul Centru, gestionarii fondului locativ, agen\u0163ii economici s\u0103 participe activ la lucr\u0103rile de salubrizare a teritoriilor adiacente.<\/p>\n\n\t\t<\/div>\n\t<\/div>\n\n\t<div class=\"wpb_text_column wpb_content_element\" >\n\t\t<div class=\"wpb_wrapper\">\n\t\t\t<table class=\"alignleft\" style=\"border-collapse: collapse; border: none;\">\n<tbody>\n<tr style=\"height: 14.0pt;\">\n<td style=\"width: 100pt; border: 1pt solid windowtext; padding: 0cm 5.4pt; height: 14pt; text-align: center;\" rowspan=\"2\" bgcolor=\"#1e73be\" width=\"32\"><\/td>\n<td style=\"width: 650.0pt; border: solid windowtext 1.0pt; border-left: none; padding: 0cm 5.4pt 0cm 5.4pt; height: 14.0pt;\" rowspan=\"2\" bgcolor=\"#1e73be\" width=\"264\">\n<p style=\"text-align: center;\"><span style=\"color: #ffffff;\"><strong>Titlu<\/strong><\/span><\/p>\n<\/td>\n<td style=\"width: 50.0pt; border: solid windowtext 1.0pt; border-left: none; padding: 0cm 5.4pt 0cm 5.4pt; height: 14.0pt;\" rowspan=\"2\" bgcolor=\"#1e73be\" width=\"100\">\n<p style=\"text-align: center;\"><span style=\"color: #ffffff;\"><strong>Data<\/strong><\/span><\/p>\n<\/td>\n<td style=\"width: 70.0pt; border: solid windowtext 1.0pt; border-left: none; padding: 0cm 5.4pt 0cm 5.4pt; height: 14.0pt;\" rowspan=\"2\" bgcolor=\"#1e73be\" width=\"100\">\n<p style=\"text-align: center;\"><span style=\"color: #ffffff;\"><strong>Descarc\u0103<\/strong><\/span><\/p>\n<\/td>\n<td style=\"height: 14.0pt; border: none;\" width=\"0\"><\/td>\n<\/tr>\n<tr style=\"height: 14.0pt;\">\n<td style=\"height: 14.0pt; border: none;\" width=\"0\"><\/td>\n<\/tr>\n<tr>\n<td style=\"width: 32.4pt; border: solid windowtext 1.0pt; border-top: none; padding: 0cm 5.4pt 0cm 5.4pt;\" width=\"32\"><img loading=\"lazy\" class=\"aligncenter\" src=\"https:\/\/chisinaucentru.md\/wp-content\/uploads\/2017\/12\/logo-for-table.png\" alt=\"\" width=\"104\" height=\"34\" \/><\/td>\n<td style=\"width: 263.6pt; border-top: none; border-left: none; border-bottom: 1pt solid windowtext; border-right: 1pt solid windowtext; padding: 0cm 5.4pt; text-align: center;\" width=\"264\">Programul de evacuare a frunzi\u0219ului din sectorul centru \u00een cadrul ac\u021biunii municipale de salubrizare din 10.11.2018<\/td>\n<td style=\"width: 5cm; border-top: none; border-left: none; border-bottom: 1pt solid windowtext; border-right: 1pt solid windowtext; padding: 0cm 5.4pt; text-align: center;\" width=\"142\">10.11.2018<\/td>\n<td style=\"width: 5cm; border-top: none; border-left: none; border-bottom: 1pt solid windowtext; border-right: 1pt solid windowtext; padding: 0cm 5.4pt; text-align: center;\" width=\"142\"><a href=\"https:\/\/chisinaucentru.md\/wp-content\/uploads\/2018\/11\/Programul-de-evacuare-a-frunzisului-converted.pdf\" target=\"_blank\" rel=\"noopener\">click aici<\/a><\/td>\n<\/tr>\n<\/tbody>\n<\/table>\n\n\t\t<\/div>\n\t<\/div>\n<\/div><\/div><\/div><\/div>","protected":false},"excerpt":{"rendered":"<p>La ini\u0163iativa dlui Ruslan Codreanu, Primar General interimar al municipiului Chi\u015fin\u0103u, Pretura sectorului Centru a elaborat programul de lucru pentru ziua de 10.11.2018 privind organizarea lucr\u0103rilor de salubrizare \u015fi evacuare a frunzi\u015fului din teritoriul sectorului Centru. \u00cen acest sens, \u00eendemn\u0103m locatarii din sectorul Centru, gestionarii fondului locativ, agen\u0163ii economici s\u0103 participe activ la lucr\u0103rile de&hellip;<\/p>","protected":false},"author":1,"featured_media":48785,"comment_status":"open","ping_status":"open","sticky":false,"template":"","format":"standard","meta":[],"categories":[244],"tags":[],"acf":[],"_links":{"self":[{"href":"https:\/\/chisinaucentru.md\/en\/wp-json\/wp\/v2\/posts\/48784"}],"collection":[{"href":"https:\/\/chisinaucentru.md\/en\/wp-json\/wp\/v2\/posts"}],"about":[{"href":"https:\/\/chisinaucentru.md\/en\/wp-json\/wp\/v2\/types\/post"}],"author":[{"embeddable":true,"href":"https:\/\/chisinaucentru.md\/en\/wp-json\/wp\/v2\/users\/1"}],"replies":[{"embeddable":true,"href":"https:\/\/chisinaucentru.md\/en\/wp-json\/wp\/v2\/comments?post=48784"}],"version-history":[{"count":0,"href":"https:\/\/chisinaucentru.md\/en\/wp-json\/wp\/v2\/posts\/48784\/revisions"}],"wp:featuredmedia":[{"embeddable":true,"href":"https:\/\/chisinaucentru.md\/en\/wp-json\/wp\/v2\/media\/48785"}],"wp:attachment":[{"href":"https:\/\/chisinaucentru.md\/en\/wp-json\/wp\/v2\/media?parent=48784"}],"wp:term":[{"taxonomy":"category","embeddable":true,"href":"https:\/\/chisinaucentru.md\/en\/wp-json\/wp\/v2\/categories?post=48784"},{"taxonomy":"post_tag","embeddable":true,"href":"https:\/\/chisinaucentru.md\/en\/wp-json\/wp\/v2\/tags?post=48784"}],"curies":[{"name":"wp","href":"https:\/\/api.w.org\/{rel}","templated":true}]}}