{"id":48653,"date":"2018-10-05T12:21:11","date_gmt":"2018-10-05T12:21:11","guid":{"rendered":"https:\/\/chisinaucentru.md\/?p=48653"},"modified":"2018-10-05T12:21:11","modified_gmt":"2018-10-05T12:21:11","slug":"omagiu-profesorilor","status":"publish","type":"post","link":"https:\/\/chisinaucentru.md\/en\/omagiu-profesorilor\/","title":{"rendered":"Omagiu Profesorilor"},"content":{"rendered":"<div class=\"vc_row wpb_row vc_row-fluid dt-default\" style=\"margin-top: 0px;margin-bottom: 0px\"><div class=\"wpb_column vc_column_container vc_col-sm-12\"><div class=\"vc_column-inner\"><div class=\"wpb_wrapper\">\n\t<div class=\"wpb_text_column wpb_content_element\" >\n\t\t<div class=\"wpb_wrapper\">\n\t\t\t<p>Oricine am fi, oriunde am activa, la \u00eenceput de octombrie, ne apropiem g\u00e2ndurile de Profesor. Acesta e Omul care trude\u015fte cu abnega\u0163ie pe f\u0103ga\u015ful cultiv\u0103rii semin\u0163ei de Adev\u0103r \u015fi Frumos, Bine \u015fi Sacru, Cinste \u015fi Demnitate \u00een sufletele a mii de copii.<br \/>\nCu prilejul Zilei profesionale a lucr\u0103torilor din \u00eenv\u0103\u021b\u0103m\u00e2nt, colectivul Preturii sectorului Centru ureaz\u0103 tuturor pedagogilor \u00eempliniri profesionale, activit\u0103\u0163i pline de succes \u015fi le mul\u0163ume\u015fte pentru d\u0103ruirea cu care \u00ee\u015fi exercit\u0103 meseria.<br \/>\nFie ca to\u0163i cei ce \u015fi-au potolit setea de virtu\u0163i din inima Dumneavoastr\u0103 s\u0103 mo\u015fteneasc\u0103 dragostea de munc\u0103, devotamentul \u0219i omenia ce V\u0103 caracterizeaz\u0103.<\/p>\n\n\t\t<\/div>\n\t<\/div>\n<\/div><\/div><\/div><\/div>","protected":false},"excerpt":{"rendered":"<p>Oricine am fi, oriunde am activa, la \u00eenceput de octombrie, ne apropiem g\u00e2ndurile de Profesor. Acesta e Omul care trude\u015fte cu abnega\u0163ie pe f\u0103ga\u015ful cultiv\u0103rii semin\u0163ei de Adev\u0103r \u015fi Frumos, Bine \u015fi Sacru, Cinste \u015fi Demnitate \u00een sufletele a mii de copii. Cu prilejul Zilei profesionale a lucr\u0103torilor din \u00eenv\u0103\u021b\u0103m\u00e2nt, colectivul Preturii sectorului Centru ureaz\u0103&hellip;<\/p>","protected":false},"author":3,"featured_media":48654,"comment_status":"open","ping_status":"open","sticky":false,"template":"","format":"standard","meta":[],"categories":[244],"tags":[],"acf":[],"_links":{"self":[{"href":"https:\/\/chisinaucentru.md\/en\/wp-json\/wp\/v2\/posts\/48653"}],"collection":[{"href":"https:\/\/chisinaucentru.md\/en\/wp-json\/wp\/v2\/posts"}],"about":[{"href":"https:\/\/chisinaucentru.md\/en\/wp-json\/wp\/v2\/types\/post"}],"author":[{"embeddable":true,"href":"https:\/\/chisinaucentru.md\/en\/wp-json\/wp\/v2\/users\/3"}],"replies":[{"embeddable":true,"href":"https:\/\/chisinaucentru.md\/en\/wp-json\/wp\/v2\/comments?post=48653"}],"version-history":[{"count":0,"href":"https:\/\/chisinaucentru.md\/en\/wp-json\/wp\/v2\/posts\/48653\/revisions"}],"wp:featuredmedia":[{"embeddable":true,"href":"https:\/\/chisinaucentru.md\/en\/wp-json\/wp\/v2\/media\/48654"}],"wp:attachment":[{"href":"https:\/\/chisinaucentru.md\/en\/wp-json\/wp\/v2\/media?parent=48653"}],"wp:term":[{"taxonomy":"category","embeddable":true,"href":"https:\/\/chisinaucentru.md\/en\/wp-json\/wp\/v2\/categories?post=48653"},{"taxonomy":"post_tag","embeddable":true,"href":"https:\/\/chisinaucentru.md\/en\/wp-json\/wp\/v2\/tags?post=48653"}],"curies":[{"name":"wp","href":"https:\/\/api.w.org\/{rel}","templated":true}]}}