{"id":48626,"date":"2018-10-01T13:41:44","date_gmt":"2018-10-01T13:41:44","guid":{"rendered":"https:\/\/chisinaucentru.md\/?p=48626"},"modified":"2018-10-01T13:41:44","modified_gmt":"2018-10-01T13:41:44","slug":"sa-fim-alaturi-de-oamenii-varstnici","status":"publish","type":"post","link":"https:\/\/chisinaucentru.md\/en\/sa-fim-alaturi-de-oamenii-varstnici\/","title":{"rendered":"S\u0103 fim al\u0103turi de oamenii v\u00e2rstnici"},"content":{"rendered":"<div class=\"vc_row wpb_row vc_row-fluid dt-default\" style=\"margin-top: 0px;margin-bottom: 0px\"><div class=\"wpb_column vc_column_container vc_col-sm-12\"><div class=\"vc_column-inner\"><div class=\"wpb_wrapper\">\n\t<div class=\"wpb_text_column wpb_content_element\" >\n\t\t<div class=\"wpb_wrapper\">\n\t\t\t<p>Ast\u0103zi, 01 octombrie curent, c\u0103tre Ziua Persoanelor \u00een Etate, Pretura sectorului Centru de comun cu Inspectoratul de Poli\u0163ie au fost al\u0103turi de cei v\u00e2rstnici cu un program cultural \u00een sala festiv\u0103 a Preturii.<\/p>\n<p>La eveniment au fost invita\u0163i Consiliul Veteranilor sectorul Centru, Uniunea Pensionarilor sectorul Centru, Asocia\u0163ia Fo\u015ftilor Deporta\u0163i \u015fi De\u0163inu\u0163i Politici sectorul Centru, Asocia\u0163ia Surzilor din Republica Moldova, fo\u015fti colaboratori ai Preturii, precum \u015fi v\u00e2rstnicii care fac parte din\u00a0 proiectul \u201eBunicii Grijulii\u201d.<\/p>\n<p>\u00centr-o atmosfer\u0103 de cordialitate, cu mult respect \u0219i bun\u0103voin\u021b\u0103, pretorul sectorului Centru, Pavel Rusu, le-a dorit mult\u0103 s\u0103n\u0103tate, pace, lini\u015fte \u015fi a manifestat o profund\u0103 apreciere a realiz\u0103rilor lor pe parcursul vie\u0163ii.<\/p>\n<p>Astfel, \u00een leg\u0103tur\u0103 cu marcarea Zilei Persoanelor \u00een Etate, 100 de persoane domiciliate \u00een sectorul Centru au primit ajutoare materiale \u00een valoare de 150 de lei.<\/p>\n<p>\u021ainem s\u0103 credem c\u0103 aceste gesturi sincere le-au d\u0103ruit lumin\u0103 \u0219i bucurie, dar \u0219i \u00eencrederea c\u0103 nu sunt da\u021bi uit\u0103rii.<\/p>\n<p>Pretura sectorului Centru aduce sincere mul\u0163umiri agentului economic SRL \u201eTrabo Plus\u201d pentru implicare, sus\u0163inere \u015fi acordarea ajutorului \u00eentru organizarea evenimentului.<\/p>\n\n\t\t<\/div>\n\t<\/div>\n<\/div><\/div><\/div><\/div><div class=\"vc_row wpb_row vc_row-fluid dt-default\" style=\"margin-top: 0px;margin-bottom: 0px\"><div class=\"wpb_column vc_column_container vc_col-sm-12\"><div class=\"vc_column-inner\"><div class=\"wpb_wrapper\">\n<div class=\"vc_grid-container-wrapper vc_clearfix vc_grid-animation-fadeIn\">\n\t<div class=\"vc_grid-container vc_clearfix wpb_content_element vc_media_grid\" data-initial-loading-animation=\"fadeIn\" data-vc-grid-settings=\"{&quot;page_id&quot;:48626,&quot;style&quot;:&quot;all&quot;,&quot;action&quot;:&quot;vc_get_vc_grid_data&quot;,&quot;shortcode_id&quot;:&quot;1538400637689-957707ac-3b51-5&quot;,&quot;tag&quot;:&quot;vc_media_grid&quot;}\" data-vc-request=\"https:\/\/chisinaucentru.md\/wp-admin\/admin-ajax.php\" data-vc-post-id=\"48626\" data-vc-public-nonce=\"39ce34e9ee\">\n\t\t\n\t<\/div>\n<\/div><\/div><\/div><\/div><\/div>","protected":false},"excerpt":{"rendered":"<p>Ast\u0103zi, 01 octombrie curent, c\u0103tre Ziua Persoanelor \u00een Etate, Pretura sectorului Centru de comun cu Inspectoratul de Poli\u0163ie au fost al\u0103turi de cei v\u00e2rstnici cu un program cultural \u00een sala festiv\u0103 a Preturii. La eveniment au fost invita\u0163i Consiliul Veteranilor sectorul Centru, Uniunea Pensionarilor sectorul Centru, Asocia\u0163ia Fo\u015ftilor Deporta\u0163i \u015fi De\u0163inu\u0163i Politici sectorul Centru, Asocia\u0163ia&hellip;<\/p>","protected":false},"author":3,"featured_media":48638,"comment_status":"open","ping_status":"open","sticky":false,"template":"","format":"standard","meta":[],"categories":[244],"tags":[],"acf":[],"_links":{"self":[{"href":"https:\/\/chisinaucentru.md\/en\/wp-json\/wp\/v2\/posts\/48626"}],"collection":[{"href":"https:\/\/chisinaucentru.md\/en\/wp-json\/wp\/v2\/posts"}],"about":[{"href":"https:\/\/chisinaucentru.md\/en\/wp-json\/wp\/v2\/types\/post"}],"author":[{"embeddable":true,"href":"https:\/\/chisinaucentru.md\/en\/wp-json\/wp\/v2\/users\/3"}],"replies":[{"embeddable":true,"href":"https:\/\/chisinaucentru.md\/en\/wp-json\/wp\/v2\/comments?post=48626"}],"version-history":[{"count":0,"href":"https:\/\/chisinaucentru.md\/en\/wp-json\/wp\/v2\/posts\/48626\/revisions"}],"wp:featuredmedia":[{"embeddable":true,"href":"https:\/\/chisinaucentru.md\/en\/wp-json\/wp\/v2\/media\/48638"}],"wp:attachment":[{"href":"https:\/\/chisinaucentru.md\/en\/wp-json\/wp\/v2\/media?parent=48626"}],"wp:term":[{"taxonomy":"category","embeddable":true,"href":"https:\/\/chisinaucentru.md\/en\/wp-json\/wp\/v2\/categories?post=48626"},{"taxonomy":"post_tag","embeddable":true,"href":"https:\/\/chisinaucentru.md\/en\/wp-json\/wp\/v2\/tags?post=48626"}],"curies":[{"name":"wp","href":"https:\/\/api.w.org\/{rel}","templated":true}]}}