{"id":47920,"date":"2018-07-09T12:50:27","date_gmt":"2018-07-09T12:50:27","guid":{"rendered":"https:\/\/chisinaucentru.md\/?p=47920"},"modified":"2018-07-20T12:50:55","modified_gmt":"2018-07-20T12:50:55","slug":"anunt-despre-desfasurarea-probei-scrise-in-cadrul-concursului-privind-ocuparea-functiilor-publice-vacante","status":"publish","type":"post","link":"https:\/\/chisinaucentru.md\/en\/anunt-despre-desfasurarea-probei-scrise-in-cadrul-concursului-privind-ocuparea-functiilor-publice-vacante\/","title":{"rendered":"Anun\u0163 despre desf\u0103\u015furarea probei scrise \u00een cadrul concursului  privind ocuparea func\u0163iilor publice vacante"},"content":{"rendered":"<div class=\"vc_row wpb_row vc_row-fluid dt-default\" style=\"margin-top: 0px;margin-bottom: 0px\"><div class=\"wpb_column vc_column_container vc_col-sm-12\"><div class=\"vc_column-inner\"><div class=\"wpb_wrapper\">\n\t<div class=\"wpb_text_column wpb_content_element\" >\n\t\t<div class=\"wpb_wrapper\">\n\t\t\t<p style=\"text-align: center;\"><strong>A N U N \u0162<\/strong><\/p>\n<p style=\"text-align: center;\"><strong>despre desf\u0103\u015furarea probei scrise \u00een cadrul concursului <\/strong><\/p>\n<p style=\"text-align: center;\"><strong>privind ocuparea func\u0163iilor publice vacante de specialist principal, Sec\u0163ia administra\u0163ie public\u0103 local\u0103, \u015fi specialist, Sec\u0163ia social-economic\u0103<\/strong><\/p>\n<p><strong>\u00a0<\/strong><\/p>\n<p>Pretura sectorului Centru v\u0103 informeaz\u0103 c\u0103:<\/p>\n<p>la concursul privind ocuparea func\u0163iei publice vacante de specialist principal \u00een sec\u021bia Administra\u0163ie public\u0103 local\u0103 sunt admi\u015fi:<\/p>\n<ol>\n<li>Munteanu Ludmila<\/li>\n<li>Marandici Constantin<\/li>\n<\/ol>\n<p>&nbsp;<\/p>\n<p>la concursul privind ocuparea func\u0163iei publice vacante de specialist \u00een sec\u021bia social-economic\u0103 sunt admi\u015fi:<\/p>\n<ol>\n<li>Ignatiuc Lilian<\/li>\n<li>Dolgopol Viorel<\/li>\n<\/ol>\n<p>&nbsp;<\/p>\n<p>Proba scris\u0103 se va desf\u0103\u015fura pe data de 13.07.2018, ora 14.00, biroul nr. 18 \u00een incinta Preturii sectorului Centru pe adresa: str. Bulgar\u0103, 43, mun. Chi\u015fin\u0103u.<\/p>\n<p>&nbsp;<\/p>\n<p>&nbsp;<\/p>\n<p>Comisia de concurs al<\/p>\n<p>Preturii s. Centru<\/p>\n\n\t\t<\/div>\n\t<\/div>\n<\/div><\/div><\/div><\/div>","protected":false},"excerpt":{"rendered":"<p>A N U N \u0162 despre desf\u0103\u015furarea probei scrise \u00een cadrul concursului privind ocuparea func\u0163iilor publice vacante de specialist principal, Sec\u0163ia administra\u0163ie public\u0103 local\u0103, \u015fi specialist, Sec\u0163ia social-economic\u0103 \u00a0 Pretura sectorului Centru v\u0103 informeaz\u0103 c\u0103: la concursul privind ocuparea func\u0163iei publice vacante de specialist principal \u00een sec\u021bia Administra\u0163ie public\u0103 local\u0103 sunt admi\u015fi: Munteanu Ludmila Marandici&hellip;<\/p>","protected":false},"author":3,"featured_media":0,"comment_status":"open","ping_status":"open","sticky":false,"template":"","format":"standard","meta":[],"categories":[278],"tags":[],"acf":[],"_links":{"self":[{"href":"https:\/\/chisinaucentru.md\/en\/wp-json\/wp\/v2\/posts\/47920"}],"collection":[{"href":"https:\/\/chisinaucentru.md\/en\/wp-json\/wp\/v2\/posts"}],"about":[{"href":"https:\/\/chisinaucentru.md\/en\/wp-json\/wp\/v2\/types\/post"}],"author":[{"embeddable":true,"href":"https:\/\/chisinaucentru.md\/en\/wp-json\/wp\/v2\/users\/3"}],"replies":[{"embeddable":true,"href":"https:\/\/chisinaucentru.md\/en\/wp-json\/wp\/v2\/comments?post=47920"}],"version-history":[{"count":0,"href":"https:\/\/chisinaucentru.md\/en\/wp-json\/wp\/v2\/posts\/47920\/revisions"}],"wp:attachment":[{"href":"https:\/\/chisinaucentru.md\/en\/wp-json\/wp\/v2\/media?parent=47920"}],"wp:term":[{"taxonomy":"category","embeddable":true,"href":"https:\/\/chisinaucentru.md\/en\/wp-json\/wp\/v2\/categories?post=47920"},{"taxonomy":"post_tag","embeddable":true,"href":"https:\/\/chisinaucentru.md\/en\/wp-json\/wp\/v2\/tags?post=47920"}],"curies":[{"name":"wp","href":"https:\/\/api.w.org\/{rel}","templated":true}]}}