{"id":46940,"date":"2018-03-21T11:15:01","date_gmt":"2018-03-21T11:15:01","guid":{"rendered":"https:\/\/chisinaucentru.md\/?p=46940"},"modified":"2018-03-22T11:15:25","modified_gmt":"2018-03-22T11:15:25","slug":"agentii-economici-implicati-in-deszapezirea-sectorului-centru","status":"publish","type":"post","link":"https:\/\/chisinaucentru.md\/en\/agentii-economici-implicati-in-deszapezirea-sectorului-centru\/","title":{"rendered":"Agen\u021bii economici implica\u021bi \u00een desz\u0103pezirea sectorului Centru"},"content":{"rendered":"<div class=\"vc_row wpb_row vc_row-fluid dt-default\" style=\"margin-top: 0px;margin-bottom: 0px\"><div class=\"wpb_column vc_column_container vc_col-sm-12\"><div class=\"vc_column-inner\"><div class=\"wpb_wrapper\">\n\t<div class=\"wpb_text_column wpb_content_element\" >\n\t\t<div class=\"wpb_wrapper\">\n\t\t\t<p>Pe l\u00e2ng\u0103 ac\u021biunile de desz\u0103pezire \u00eentreprinse de c\u0103tre \u00centreprinderea \u00a0Municipal\u0103. Regia \u201eExdrupo\u201d \u0219i \u00centreprinderea Municipal\u0103 Serviciu Locativ Centru at\u00e2t la data de 20.03.2018 c\u00e2t \u0219i la data de 21.03.2018 au fost \u00eendemna\u021bi s\u0103 participe \u0219i agen\u021bii economici.<\/p>\n<p>Pretorul sectorului Centru, Pavel Rusu, \u00eempreun\u0103 cu colaboratorii preturii s-a deplasat \u00een teritoriu \u0219i a verificat cum agen\u021bii economici se implic\u0103 \u0219i c\u00e2t de curat este teritoriul adiacent.<\/p>\n<p>Astfel, agen\u021bii economici care nu s-au conformat au primit avertiz\u0103ri \u0219i li s-au \u00eentocmit procese verbale.<\/p>\n<p>La data de 20.03.2018 au fost \u00eenm\u00e2nate 76 de avertiz\u0103ri agen\u021bilor economici iar la data de 21.03.2018 au fost \u00eenm\u00e2nate 36 de avertiz\u0103ri. De asemenea, au fost \u00eentocmite 15 procese verbale conform articolului 181 al\u00a0 Codului Contraven\u021bional al Republicii Moldova \u0219i 3 procese verbale conform articolului 154 al Codului Contraven\u0163ional al Republicii Moldova.<\/p>\n<p>Deplas\u0103rile \u00een teritoriu \u0219i verificarea agen\u021bilor economici vor continua p\u00e2n\u0103 vor fi \u00eentreprinse m\u0103surile de desz\u0103pezire necesare.<\/p>\n\n\t\t<\/div>\n\t<\/div>\n<\/div><\/div><\/div><\/div><div class=\"vc_row wpb_row vc_row-fluid dt-default\" style=\"margin-top: 0px;margin-bottom: 0px\"><div class=\"wpb_column vc_column_container vc_col-sm-12\"><div class=\"vc_column-inner\"><div class=\"wpb_wrapper\">\n<div class=\"vc_grid-container-wrapper vc_clearfix vc_grid-animation-fadeIn\">\n\t<div class=\"vc_grid-container vc_clearfix wpb_content_element vc_media_grid\" data-initial-loading-animation=\"fadeIn\" data-vc-grid-settings=\"{&quot;page_id&quot;:46940,&quot;style&quot;:&quot;all&quot;,&quot;action&quot;:&quot;vc_get_vc_grid_data&quot;,&quot;shortcode_id&quot;:&quot;1521716756617-71d654b2-b1d6-6&quot;,&quot;tag&quot;:&quot;vc_media_grid&quot;}\" data-vc-request=\"https:\/\/chisinaucentru.md\/wp-admin\/admin-ajax.php\" data-vc-post-id=\"46940\" data-vc-public-nonce=\"c0809cca66\">\n\t\t\n\t<\/div>\n<\/div><\/div><\/div><\/div><\/div>","protected":false},"excerpt":{"rendered":"<p>Pe l\u00e2ng\u0103 ac\u021biunile de desz\u0103pezire \u00eentreprinse de c\u0103tre \u00centreprinderea \u00a0Municipal\u0103. Regia \u201eExdrupo\u201d \u0219i \u00centreprinderea Municipal\u0103 Serviciu Locativ Centru at\u00e2t la data de 20.03.2018 c\u00e2t \u0219i la data de 21.03.2018 au fost \u00eendemna\u021bi s\u0103 participe \u0219i agen\u021bii economici. Pretorul sectorului Centru, Pavel Rusu, \u00eempreun\u0103 cu colaboratorii preturii s-a deplasat \u00een teritoriu \u0219i a verificat cum agen\u021bii&hellip;<\/p>","protected":false},"author":3,"featured_media":46943,"comment_status":"open","ping_status":"open","sticky":false,"template":"","format":"standard","meta":[],"categories":[244],"tags":[],"acf":[],"_links":{"self":[{"href":"https:\/\/chisinaucentru.md\/en\/wp-json\/wp\/v2\/posts\/46940"}],"collection":[{"href":"https:\/\/chisinaucentru.md\/en\/wp-json\/wp\/v2\/posts"}],"about":[{"href":"https:\/\/chisinaucentru.md\/en\/wp-json\/wp\/v2\/types\/post"}],"author":[{"embeddable":true,"href":"https:\/\/chisinaucentru.md\/en\/wp-json\/wp\/v2\/users\/3"}],"replies":[{"embeddable":true,"href":"https:\/\/chisinaucentru.md\/en\/wp-json\/wp\/v2\/comments?post=46940"}],"version-history":[{"count":0,"href":"https:\/\/chisinaucentru.md\/en\/wp-json\/wp\/v2\/posts\/46940\/revisions"}],"wp:featuredmedia":[{"embeddable":true,"href":"https:\/\/chisinaucentru.md\/en\/wp-json\/wp\/v2\/media\/46943"}],"wp:attachment":[{"href":"https:\/\/chisinaucentru.md\/en\/wp-json\/wp\/v2\/media?parent=46940"}],"wp:term":[{"taxonomy":"category","embeddable":true,"href":"https:\/\/chisinaucentru.md\/en\/wp-json\/wp\/v2\/categories?post=46940"},{"taxonomy":"post_tag","embeddable":true,"href":"https:\/\/chisinaucentru.md\/en\/wp-json\/wp\/v2\/tags?post=46940"}],"curies":[{"name":"wp","href":"https:\/\/api.w.org\/{rel}","templated":true}]}}