{"id":46809,"date":"2018-03-15T12:27:30","date_gmt":"2018-03-15T12:27:30","guid":{"rendered":"https:\/\/chisinaucentru.md\/?p=46809"},"modified":"2018-03-17T07:42:30","modified_gmt":"2018-03-17T07:42:30","slug":"organizarea-si-desfasurarea-campaniei-municipale-curatenia-generala-de-primavara","status":"publish","type":"post","link":"https:\/\/chisinaucentru.md\/en\/organizarea-si-desfasurarea-campaniei-municipale-curatenia-generala-de-primavara\/","title":{"rendered":"Organizarea \u0219i desf\u0103\u0219urarea campaniei municipale \u201eCur\u0103\u021benia general\u0103 de prim\u0103var\u0103\u201d"},"content":{"rendered":"<div class=\"vc_row wpb_row vc_row-fluid dt-default\" style=\"margin-top: 0px;margin-bottom: 0px\"><div class=\"wpb_column vc_column_container vc_col-sm-12\"><div class=\"vc_column-inner\"><div class=\"wpb_wrapper\">\n\t<div class=\"wpb_text_column wpb_content_element\" >\n\t\t<div class=\"wpb_wrapper\">\n\t\t\t<p>Conform dispozi\u021biei Primarului General interimar al municipiului Chi\u0219in\u0103u nr. 128-d din 23 februarie 2018 \u201cCu privire la organizarea \u0219i desf\u0103\u0219urarea campaniei municipale Cur\u0103\u021benia general\u0103 de prim\u0103var\u0103\u201d p\u00e2n\u0103 la data de 06.04.2018 se desf\u0103\u0219oar\u0103 ac\u021biuni ample de amenajare \u0219i salubrizare a teritoriului sectorului Centru.<\/p>\n<p>\u00cen acest sens, Pretura sectorului Centru a elaborat un program de ac\u021biuni care prevede organizarea salubriz\u0103rii \u0219i amenaj\u0103rii teritoriului cu antrenarea \u00een acest proces a gestionarilor fondului locativ, asocia\u021bii proprietarilor de locuin\u021be privatizate, asocia\u021biilor de coproprietari \u00een condominiu, cooperativele de construc\u021bie a locuin\u021belor, \u00eentreprinderile municipale specializate.<\/p>\n<p>La data de 15.03.2018 \u00centreprinderile municipale de gestionare a fondului locativ au efectuat lucr\u0103ri de salubrizare a trotuarelor \u00een teritoriul gestionat, inclusiv au fost lichidate microgunoi\u0219tile formate pe bulevardul \u0218tefan cel Mare \u0219i Sf\u00eent, 6, str. M. Lomonosov, 38,40.<\/p>\n<p>De asemenea, au fost executate lucr\u0103ri de salubrizare, cur\u0103\u021bare a arborilor \u0219i arbu\u0219tilor pe str. Natalia Gheorghiu, parcul Valea Morilor, str. Aleea G\u0103rii, str. N. Testemi\u021beanu intersec\u021bie cu str. Arborilor.<\/p>\n<p>Pretura sectorului Centru vine cu un apel c\u0103tre cet\u0103\u0163eni,\u00a0 organiza\u021bii, institu\u021bii \u0219i agen\u021bi economici, s\u0103 participe activ la cur\u0103\u021benia de prim\u0103var\u0103 ca p\u00e2n\u0103 la Sfintele S\u0103rb\u0103tori de Pa\u0219ti sectorul Centru dar \u0219i \u00eentreg ora\u0219ul s\u0103 fie curat.<\/p>\n\n\t\t<\/div>\n\t<\/div>\n<\/div><\/div><\/div><\/div><div class=\"vc_row wpb_row vc_row-fluid dt-default\" style=\"margin-top: 0px;margin-bottom: 0px\"><div class=\"wpb_column vc_column_container vc_col-sm-12\"><div class=\"vc_column-inner\"><div class=\"wpb_wrapper\">\n<div class=\"vc_grid-container-wrapper vc_clearfix vc_grid-animation-fadeIn\">\n\t<div class=\"vc_grid-container vc_clearfix wpb_content_element vc_media_grid\" data-initial-loading-animation=\"fadeIn\" data-vc-grid-settings=\"{&quot;page_id&quot;:46809,&quot;style&quot;:&quot;all&quot;,&quot;action&quot;:&quot;vc_get_vc_grid_data&quot;,&quot;shortcode_id&quot;:&quot;1521272504498-452622a1-a7c6-8&quot;,&quot;tag&quot;:&quot;vc_media_grid&quot;}\" data-vc-request=\"https:\/\/chisinaucentru.md\/wp-admin\/admin-ajax.php\" data-vc-post-id=\"46809\" data-vc-public-nonce=\"c0809cca66\">\n\t\t\n\t<\/div>\n<\/div><\/div><\/div><\/div><\/div>","protected":false},"excerpt":{"rendered":"<p>Conform dispozi\u021biei Primarului General interimar al municipiului Chi\u0219in\u0103u nr. 128-d din 23 februarie 2018 \u201cCu privire la organizarea \u0219i desf\u0103\u0219urarea campaniei municipale Cur\u0103\u021benia general\u0103 de prim\u0103var\u0103\u201d p\u00e2n\u0103 la data de 06.04.2018 se desf\u0103\u0219oar\u0103 ac\u021biuni ample de amenajare \u0219i salubrizare a teritoriului sectorului Centru. \u00cen acest sens, Pretura sectorului Centru a elaborat un program de ac\u021biuni&hellip;<\/p>","protected":false},"author":3,"featured_media":46812,"comment_status":"open","ping_status":"open","sticky":false,"template":"","format":"standard","meta":[],"categories":[244],"tags":[],"acf":[],"_links":{"self":[{"href":"https:\/\/chisinaucentru.md\/en\/wp-json\/wp\/v2\/posts\/46809"}],"collection":[{"href":"https:\/\/chisinaucentru.md\/en\/wp-json\/wp\/v2\/posts"}],"about":[{"href":"https:\/\/chisinaucentru.md\/en\/wp-json\/wp\/v2\/types\/post"}],"author":[{"embeddable":true,"href":"https:\/\/chisinaucentru.md\/en\/wp-json\/wp\/v2\/users\/3"}],"replies":[{"embeddable":true,"href":"https:\/\/chisinaucentru.md\/en\/wp-json\/wp\/v2\/comments?post=46809"}],"version-history":[{"count":0,"href":"https:\/\/chisinaucentru.md\/en\/wp-json\/wp\/v2\/posts\/46809\/revisions"}],"wp:featuredmedia":[{"embeddable":true,"href":"https:\/\/chisinaucentru.md\/en\/wp-json\/wp\/v2\/media\/46812"}],"wp:attachment":[{"href":"https:\/\/chisinaucentru.md\/en\/wp-json\/wp\/v2\/media?parent=46809"}],"wp:term":[{"taxonomy":"category","embeddable":true,"href":"https:\/\/chisinaucentru.md\/en\/wp-json\/wp\/v2\/categories?post=46809"},{"taxonomy":"post_tag","embeddable":true,"href":"https:\/\/chisinaucentru.md\/en\/wp-json\/wp\/v2\/tags?post=46809"}],"curies":[{"name":"wp","href":"https:\/\/api.w.org\/{rel}","templated":true}]}}