{"id":45228,"date":"2017-09-02T12:11:06","date_gmt":"2017-09-02T12:11:06","guid":{"rendered":"https:\/\/chisinaucentru.md\/?p=45228"},"modified":"2017-09-02T12:11:06","modified_gmt":"2017-09-02T12:11:06","slug":"suspendarea-circulatiei-rutiere-in-perimetrul-strazilor-bd-c-negruzzi-str-d-cantemir-str-albisoara-bd-iu-gagarin","status":"publish","type":"post","link":"https:\/\/chisinaucentru.md\/en\/suspendarea-circulatiei-rutiere-in-perimetrul-strazilor-bd-c-negruzzi-str-d-cantemir-str-albisoara-bd-iu-gagarin\/","title":{"rendered":"Suspendarea circula\u021biei rutiere \u00een perimetrul str\u0103zilor bd. C. Negruzzi &#8211; str. D. Cantemir &#8211; str. Albi\u0219oara &#8211; bd. Iu. Gagarin"},"content":{"rendered":"<div class=\"vc_row wpb_row vc_row-fluid dt-default\" style=\"margin-top: 0px;margin-bottom: 0px\"><div class=\"wpb_column vc_column_container vc_col-sm-12\"><div class=\"vc_column-inner\"><div class=\"wpb_wrapper\">\n\t<div class=\"wpb_text_column wpb_content_element\" >\n\t\t<div class=\"wpb_wrapper\">\n\t\t\t<p>Potrivit anun\u021bului Prim\u0103riei municipiului Chi\u0219in\u0103u, \u00a0\u00een leg\u0103tur\u0103 cu executarea lucr\u0103rilor de modernizare a sensului giratoriu, va fi sistat\u0103 circula\u021bia rutier\u0103 pe sensul giratoriu bd. C. Negruzzi &#8211; str. D. Cantemir &#8211; str. Albi\u0219oara &#8211; bd. Iu. Gagarin,\u00a0<strong>duminic\u0103, 3 septembrie 2017, de la ora 12.00, p\u00e2n\u0103 pe data de \u00a004 septembrie curent, ora 03.00<\/strong>.<\/p>\n<p>Astfel, \u00een perioada de referin\u021b\u0103, vor fi operate modific\u0103ri \u00een itinerarele de circula\u021bie a transportului public care traverseaz\u0103 zona, dup\u0103 cum urmeaz\u0103:<\/p>\n<ul>\n<li>Rutele de troleibuz nr. 4, 8, 17, vor fi redirec\u0163ionate, de pe bd. \u015etefan cel Mare \u015fi Sf\u00e2nt, pe str. Ciuflea &#8211; Viaduct;<\/li>\n<li>Ruta de troleibuz nr. 5 &#8211; va fi suspendat\u0103;<\/li>\n<li>Ruta de troleibuz nr. 20 &#8211; va fi scurtat\u0103 p\u00e2n\u0103 la bd. Decebal;<\/li>\n<li>Ruta de troleibuz nr. 28 &#8211; va fi scurtat\u0103 p\u00e2n\u0103 la str. Ciuflea.<\/li>\n<\/ul>\n<p>Conduc\u0103torii auto sunt \u00eendemna\u021bi s\u0103 ocoleasc\u0103 centrul capitalei \u0219i s\u0103 se conformeze indica\u021biilor inspectorilor de patrulare, iar pietonii s\u0103 respecte regulile de circula\u021bie \u0219i s\u0103 traverseze strada doar \u00een locurile permise.<\/p>\n\n\t\t<\/div>\n\t<\/div>\n<\/div><\/div><\/div><\/div>","protected":false},"excerpt":{"rendered":"<p>Potrivit anun\u021bului Prim\u0103riei municipiului Chi\u0219in\u0103u, \u00a0\u00een leg\u0103tur\u0103 cu executarea lucr\u0103rilor de modernizare a sensului giratoriu, va fi sistat\u0103 circula\u021bia rutier\u0103 pe sensul giratoriu bd. C. Negruzzi &#8211; str. D. Cantemir &#8211; str. Albi\u0219oara &#8211; bd. Iu. Gagarin,\u00a0duminic\u0103, 3 septembrie 2017, de la ora 12.00, p\u00e2n\u0103 pe data de \u00a004 septembrie curent, ora 03.00. Astfel, \u00een&hellip;<\/p>","protected":false},"author":3,"featured_media":45229,"comment_status":"open","ping_status":"open","sticky":false,"template":"","format":"standard","meta":[],"categories":[244],"tags":[],"acf":[],"_links":{"self":[{"href":"https:\/\/chisinaucentru.md\/en\/wp-json\/wp\/v2\/posts\/45228"}],"collection":[{"href":"https:\/\/chisinaucentru.md\/en\/wp-json\/wp\/v2\/posts"}],"about":[{"href":"https:\/\/chisinaucentru.md\/en\/wp-json\/wp\/v2\/types\/post"}],"author":[{"embeddable":true,"href":"https:\/\/chisinaucentru.md\/en\/wp-json\/wp\/v2\/users\/3"}],"replies":[{"embeddable":true,"href":"https:\/\/chisinaucentru.md\/en\/wp-json\/wp\/v2\/comments?post=45228"}],"version-history":[{"count":0,"href":"https:\/\/chisinaucentru.md\/en\/wp-json\/wp\/v2\/posts\/45228\/revisions"}],"wp:featuredmedia":[{"embeddable":true,"href":"https:\/\/chisinaucentru.md\/en\/wp-json\/wp\/v2\/media\/45229"}],"wp:attachment":[{"href":"https:\/\/chisinaucentru.md\/en\/wp-json\/wp\/v2\/media?parent=45228"}],"wp:term":[{"taxonomy":"category","embeddable":true,"href":"https:\/\/chisinaucentru.md\/en\/wp-json\/wp\/v2\/categories?post=45228"},{"taxonomy":"post_tag","embeddable":true,"href":"https:\/\/chisinaucentru.md\/en\/wp-json\/wp\/v2\/tags?post=45228"}],"curies":[{"name":"wp","href":"https:\/\/api.w.org\/{rel}","templated":true}]}}