{"id":45211,"date":"2017-08-25T14:31:13","date_gmt":"2017-08-25T14:31:13","guid":{"rendered":"https:\/\/chisinaucentru.md\/?p=45211"},"modified":"2017-08-30T14:36:05","modified_gmt":"2017-08-30T14:36:05","slug":"masurile-cultural-artistice-organizate-de-catre-pretura-sectorului-centru-consacrate-sarbatorilor-nationale-ziua-independentei-si-limba-noastra","status":"publish","type":"post","link":"https:\/\/chisinaucentru.md\/en\/masurile-cultural-artistice-organizate-de-catre-pretura-sectorului-centru-consacrate-sarbatorilor-nationale-ziua-independentei-si-limba-noastra\/","title":{"rendered":"M\u0103surile cultural-artistice organizate de c\u0103tre Pretura sectorului Centru consacrate S\u0103rb\u0103torilor Na\u0163ionale Ziua Independen\u0163ei \u015fi Limba Noastr\u0103"},"content":{"rendered":"<div class=\"vc_row wpb_row vc_row-fluid dt-default\" style=\"margin-top: 0px;margin-bottom: 0px\"><div class=\"wpb_column vc_column_container vc_col-sm-12\"><div class=\"vc_column-inner\"><div class=\"wpb_wrapper\">\n\t<div class=\"wpb_text_column wpb_content_element\" >\n\t\t<div class=\"wpb_wrapper\">\n\t\t\t<p>In sectorul Centru al capitalei, S\u0103rb\u0103torile Na\u0163ionale Ziua Independen\u0163ei \u015fi Limba Rom\u00e2n\u0103 vor fi consemnate \u00een cadrul unui program de ac\u0163iuni \u015fi manifest\u0103ri cultural-artistice, aprobat prin dispozi\u0163ia pretorului sectorului Centru. \u00cel prezent\u0103m aten\u0163iei Dvs. \u015fi v\u0103 invit\u0103m s\u0103 fi\u0163i al\u0103turi de noi \u00een zilele de s\u0103rb\u0103toare<\/p>\n<p style=\"text-align: center;\"><strong>\u00a0Z<\/strong><strong><em>iua Independen\u0163ei<\/em><\/strong><em> <strong>Republicii Moldova<\/strong><\/em><\/p>\n<ul>\n<li><strong><em>\u00a0<\/em><\/strong>\u00cent\u00e2lnirea conducerii Preturii sectorului Centru cu veterani ai R\u0103zboiului de pe Nistru, cu prilejul a 26 de ani de la proclamarea Independen\u021bei Republicii Moldova.<\/li>\n<li>Ac\u0163iuni cultural-artistice \u015fi sportive de s\u0103rb\u0103torire a 26 de ani de la Proclamarea Independen\u0163ei Republicii Moldova (expozi\u0163ii de carte, concursuri, excursii, competi\u0163ii sportive etc.), \u00een cadrul centrelor comunitare pentru copii \u015fi adolescen\u0163i, institu\u0163iilor \u015fi organiza\u0163iilor amplasate \u00een sectorul Centru.<\/li>\n<li>Participare la ac\u0163iuni municipale \u015fi de stat: depuneri de flori la monumentul lui \u015etefan cel Mare \u015fi Sf\u00e2nt, ac\u0163iuni de comemorare a celor c\u0103zu\u0163i pentru independen\u0163a \u015fi integritatea Republicii Moldova, cu depuneri de flori la Monumentul \u201eMama \u00eendurerat\u0103\u201d, Complexul Memorial \u201eEternitate\u201d; manifest\u0103ri cultural-artistice dedicate s\u0103rb\u0103torii na\u0163ionale <em>Ziua Independen\u0163ei Republicii Moldova.<\/em><\/li>\n<\/ul>\n<p style=\"text-align: center;\"><strong><em>\u00a0<\/em><\/strong><strong><em>\u00a0L<\/em><\/strong><strong><em>imba Noastr\u0103<\/em><\/strong><\/p>\n<ul>\n<li>Desf\u0103\u015furarea programului de sector consacrat S\u0103rb\u0103torii Na\u0163ionale <em>Limba Noastr\u0103,<\/em> realizat \u00een colaborare cu Centrul de Crea\u0163ie a Copiilor \u201eFloarea Soarelui\u201d, uniuni de crea\u0163ie, edituri \u015fi asocia\u0163ii de carte, studiouri muzical-coregrafice, interpre\u0163i, oameni de crea\u0163ie; activit\u0103\u0163i comerciale, expozi\u0163ii cu v\u00e2nzare, terase pentru copii, organizate cu sprijinul agen\u0163ilor economici din sector; spectacol muzical-literar cu genericul <em>\u201eOd\u0103 Limbii Materne\u2026\u201d<\/em>, cu recital de poezie \u015fi c\u00e2ntec, dans modern, interpre\u0163i de muzic\u0103 u\u015foar\u0103, colective de crea\u0163ie din sector \u015fi invita\u0163i speciali.<\/li>\n<\/ul>\n<p style=\"text-align: center;\"><em>31.08.2017, or. 11.00, Scuarul \u201eUnic\u201d \/ \u201eMoldtelecom\u201d SA<\/em><\/p>\n\n\t\t<\/div>\n\t<\/div>\n<\/div><\/div><\/div><\/div>","protected":false},"excerpt":{"rendered":"<p>In sectorul Centru al capitalei, S\u0103rb\u0103torile Na\u0163ionale Ziua Independen\u0163ei \u015fi Limba Rom\u00e2n\u0103 vor fi consemnate \u00een cadrul unui program de ac\u0163iuni \u015fi manifest\u0103ri cultural-artistice, aprobat prin dispozi\u0163ia pretorului sectorului Centru. \u00cel prezent\u0103m aten\u0163iei Dvs. \u015fi v\u0103 invit\u0103m s\u0103 fi\u0163i al\u0103turi de noi \u00een zilele de s\u0103rb\u0103toare \u00a0Ziua Independen\u0163ei Republicii Moldova \u00a0\u00cent\u00e2lnirea conducerii Preturii sectorului Centru&hellip;<\/p>","protected":false},"author":3,"featured_media":45212,"comment_status":"open","ping_status":"open","sticky":false,"template":"","format":"standard","meta":[],"categories":[244],"tags":[],"acf":[],"_links":{"self":[{"href":"https:\/\/chisinaucentru.md\/en\/wp-json\/wp\/v2\/posts\/45211"}],"collection":[{"href":"https:\/\/chisinaucentru.md\/en\/wp-json\/wp\/v2\/posts"}],"about":[{"href":"https:\/\/chisinaucentru.md\/en\/wp-json\/wp\/v2\/types\/post"}],"author":[{"embeddable":true,"href":"https:\/\/chisinaucentru.md\/en\/wp-json\/wp\/v2\/users\/3"}],"replies":[{"embeddable":true,"href":"https:\/\/chisinaucentru.md\/en\/wp-json\/wp\/v2\/comments?post=45211"}],"version-history":[{"count":0,"href":"https:\/\/chisinaucentru.md\/en\/wp-json\/wp\/v2\/posts\/45211\/revisions"}],"wp:featuredmedia":[{"embeddable":true,"href":"https:\/\/chisinaucentru.md\/en\/wp-json\/wp\/v2\/media\/45212"}],"wp:attachment":[{"href":"https:\/\/chisinaucentru.md\/en\/wp-json\/wp\/v2\/media?parent=45211"}],"wp:term":[{"taxonomy":"category","embeddable":true,"href":"https:\/\/chisinaucentru.md\/en\/wp-json\/wp\/v2\/categories?post=45211"},{"taxonomy":"post_tag","embeddable":true,"href":"https:\/\/chisinaucentru.md\/en\/wp-json\/wp\/v2\/tags?post=45211"}],"curies":[{"name":"wp","href":"https:\/\/api.w.org\/{rel}","templated":true}]}}